{"id":48614,"date":"2024-02-27T18:32:42","date_gmt":"2024-02-27T18:32:42","guid":{"rendered":"https:\/\/diadianoticias.com.br\/?p=48614"},"modified":"2024-02-27T18:32:43","modified_gmt":"2024-02-27T18:32:43","slug":"homem-e-preso-apos-invadir-residencia-e-agredir-ex-companheira-em-terra-boa","status":"publish","type":"post","link":"https:\/\/diadianoticias.com.br\/?p=48614","title":{"rendered":"HOMEM \u00c9 PRESO, AP\u00d3S INVADIR RESID\u00caNCIA E AGREDIR EX-COMPANHEIRA, EM TERRA BOA"},"content":{"rendered":"\n<p>Um homem foi preso, na madrugada dessa ter\u00e7a-feira (27), ap\u00f3s invadir a casa da ex-companheira e agredi-la, em Terra Boa. O caso foi registrado por volta da 1h30, na Rua Gralha Azul.<\/p>\n\n\n\n<p>Segundo a Pol\u00edcia Militar, a equipe foi acionada e compareceu na resid\u00eancia localizada na Rua Gralha Azul, onde um homem teria entrado \u00e0 for\u00e7a em uma casa, a qual seria de sua ex-mulher, de 34 anos, e teria lhe amea\u00e7ado e agredido.<\/p>\n\n\n\n<p>Sendo assim, o autor, um homem de 42 anos, foi localizado e recebeu voz de pris\u00e3o. Ap\u00f3s os procedimentos, ele foi encaminhado para a Delegacia de Pol\u00edcia Civil, para as medidas cab\u00edveis.<\/p>\n\n\n\n<p>(Fonte \u2013 Pol\u00edcia Militar)<\/p>\n","protected":false},"excerpt":{"rendered":"<div class=\"mh-excerpt\"><p>Um homem foi preso, na madrugada dessa ter\u00e7a-feira (27), ap\u00f3s invadir a casa da ex-companheira e agredi-la, em Terra Boa. O caso foi registrado por volta da 1h30, na Rua Gralha Azul. Segundo a Pol\u00edcia <a class=\"mh-excerpt-more\" href=\"https:\/\/diadianoticias.com.br\/?p=48614\" title=\"HOMEM \u00c9 PRESO, AP\u00d3S INVADIR RESID\u00caNCIA E AGREDIR EX-COMPANHEIRA, EM TERRA BOA\">[&#8230;]<\/a><\/p>\n<\/div>","protected":false},"author":4,"featured_media":48615,"comment_status":"open","ping_status":"open","sticky":false,"template":"","format":"standard","meta":{"footnotes":""},"categories":[32,5],"tags":[],"class_list":{"0":"post-48614","1":"post","2":"type-post","3":"status-publish","4":"format-standard","5":"has-post-thumbnail","7":"category-destaque","8":"category-policiais"},"_links":{"self":[{"href":"https:\/\/diadianoticias.com.br\/index.php?rest_route=\/wp\/v2\/posts\/48614","targetHints":{"allow":["GET"]}}],"collection":[{"href":"https:\/\/diadianoticias.com.br\/index.php?rest_route=\/wp\/v2\/posts"}],"about":[{"href":"https:\/\/diadianoticias.com.br\/index.php?rest_route=\/wp\/v2\/types\/post"}],"author":[{"embeddable":true,"href":"https:\/\/diadianoticias.com.br\/index.php?rest_route=\/wp\/v2\/users\/4"}],"replies":[{"embeddable":true,"href":"https:\/\/diadianoticias.com.br\/index.php?rest_route=%2Fwp%2Fv2%2Fcomments&post=48614"}],"version-history":[{"count":1,"href":"https:\/\/diadianoticias.com.br\/index.php?rest_route=\/wp\/v2\/posts\/48614\/revisions"}],"predecessor-version":[{"id":48616,"href":"https:\/\/diadianoticias.com.br\/index.php?rest_route=\/wp\/v2\/posts\/48614\/revisions\/48616"}],"wp:featuredmedia":[{"embeddable":true,"href":"https:\/\/diadianoticias.com.br\/index.php?rest_route=\/wp\/v2\/media\/48615"}],"wp:attachment":[{"href":"https:\/\/diadianoticias.com.br\/index.php?rest_route=%2Fwp%2Fv2%2Fmedia&parent=48614"}],"wp:term":[{"taxonomy":"category","embeddable":true,"href":"https:\/\/diadianoticias.com.br\/index.php?rest_route=%2Fwp%2Fv2%2Fcategories&post=48614"},{"taxonomy":"post_tag","embeddable":true,"href":"https:\/\/diadianoticias.com.br\/index.php?rest_route=%2Fwp%2Fv2%2Ftags&post=48614"}],"curies":[{"name":"wp","href":"https:\/\/api.w.org\/{rel}","templated":true}]}}