{"id":48605,"date":"2024-02-27T17:20:30","date_gmt":"2024-02-27T17:20:30","guid":{"rendered":"https:\/\/diadianoticias.com.br\/?p=48605"},"modified":"2024-02-27T17:20:32","modified_gmt":"2024-02-27T17:20:32","slug":"crianca-de-7-anos-sequestrada-pelo-pai-e-encontrada-pela-policia-civil-no-paraguai","status":"publish","type":"post","link":"https:\/\/diadianoticias.com.br\/?p=48605","title":{"rendered":"CRIAN\u00c7A DE 7 ANOS, SEQUESTRADA PELO PAI, \u00c9 ENCONTRADA PELA POL\u00cdCIA CIVIL NO PARAGUAI"},"content":{"rendered":"\n<p>A Pol\u00edcia Civil do Paran\u00e1 (PCPR), localizou um garotinho, de 7 anos, que estava desaparecido. A crian\u00e7a foi resgatada no Paraguai, com apoio do Centro Integrado de Opera\u00e7\u00f5es de Fronteira (Ciof) e Comando Tripartite, na noite desta segunda-feira (26). Veja o v\u00eddeo do local abaixo.<\/p>\n\n\n\n<p>O pai do menino foi preso, ele \u00e9 investigado por sequestrar o menino, na Cidade Industrial de Curitiba, no dia 15 de dezembro. A PCPR apurou que o indiv\u00edduo e a m\u00e3e do menino s\u00e3o divorciados h\u00e1 2 anos e que, ap\u00f3s uma das visitas, n\u00e3o restabeleceu contato com a genitora da crian\u00e7a.<\/p>\n\n\n\n<p>Conforme as investiga\u00e7\u00f5es, testemunhas relataram que o homem vendeu os pr\u00f3prios pertences e comunicou aos vizinhos que estava levando o filho para a praia. Posteriormente, deslocou at\u00e9 o pa\u00eds vizinho e sumiu com o telefone e chip de celular, na tentativa de n\u00e3o ser encontrado.<\/p>\n\n\n\n<p>Ap\u00f3s investiga\u00e7\u00f5es de alta complexidade, a equipe da PCPR conseguiu a localiza\u00e7\u00e3o do homem e da crian\u00e7a. Na sequ\u00eancia, acionou o Ciof e o Comando Tripartite para auxiliar na captura do homem e resgate. O suspeito foi encaminhado \u00e0 delegacia da Pol\u00edcia Federal para as medidas cab\u00edveis. O menino ser\u00e1 devolvido aos familiares.<\/p>\n\n\n\n<p>(Fonte \u2013 Umuarama News)<\/p>\n","protected":false},"excerpt":{"rendered":"<div class=\"mh-excerpt\"><p>A Pol\u00edcia Civil do Paran\u00e1 (PCPR), localizou um garotinho, de 7 anos, que estava desaparecido. A crian\u00e7a foi resgatada no Paraguai, com apoio do Centro Integrado de Opera\u00e7\u00f5es de Fronteira (Ciof) e Comando Tripartite, na <a class=\"mh-excerpt-more\" href=\"https:\/\/diadianoticias.com.br\/?p=48605\" title=\"CRIAN\u00c7A DE 7 ANOS, SEQUESTRADA PELO PAI, \u00c9 ENCONTRADA PELA POL\u00cdCIA CIVIL NO PARAGUAI\">[&#8230;]<\/a><\/p>\n<\/div>","protected":false},"author":4,"featured_media":48606,"comment_status":"open","ping_status":"open","sticky":false,"template":"","format":"standard","meta":{"footnotes":""},"categories":[32,5],"tags":[],"class_list":{"0":"post-48605","1":"post","2":"type-post","3":"status-publish","4":"format-standard","5":"has-post-thumbnail","7":"category-destaque","8":"category-policiais"},"_links":{"self":[{"href":"https:\/\/diadianoticias.com.br\/index.php?rest_route=\/wp\/v2\/posts\/48605","targetHints":{"allow":["GET"]}}],"collection":[{"href":"https:\/\/diadianoticias.com.br\/index.php?rest_route=\/wp\/v2\/posts"}],"about":[{"href":"https:\/\/diadianoticias.com.br\/index.php?rest_route=\/wp\/v2\/types\/post"}],"author":[{"embeddable":true,"href":"https:\/\/diadianoticias.com.br\/index.php?rest_route=\/wp\/v2\/users\/4"}],"replies":[{"embeddable":true,"href":"https:\/\/diadianoticias.com.br\/index.php?rest_route=%2Fwp%2Fv2%2Fcomments&post=48605"}],"version-history":[{"count":1,"href":"https:\/\/diadianoticias.com.br\/index.php?rest_route=\/wp\/v2\/posts\/48605\/revisions"}],"predecessor-version":[{"id":48607,"href":"https:\/\/diadianoticias.com.br\/index.php?rest_route=\/wp\/v2\/posts\/48605\/revisions\/48607"}],"wp:featuredmedia":[{"embeddable":true,"href":"https:\/\/diadianoticias.com.br\/index.php?rest_route=\/wp\/v2\/media\/48606"}],"wp:attachment":[{"href":"https:\/\/diadianoticias.com.br\/index.php?rest_route=%2Fwp%2Fv2%2Fmedia&parent=48605"}],"wp:term":[{"taxonomy":"category","embeddable":true,"href":"https:\/\/diadianoticias.com.br\/index.php?rest_route=%2Fwp%2Fv2%2Fcategories&post=48605"},{"taxonomy":"post_tag","embeddable":true,"href":"https:\/\/diadianoticias.com.br\/index.php?rest_route=%2Fwp%2Fv2%2Ftags&post=48605"}],"curies":[{"name":"wp","href":"https:\/\/api.w.org\/{rel}","templated":true}]}}