{"id":48602,"date":"2024-02-27T12:19:57","date_gmt":"2024-02-27T12:19:57","guid":{"rendered":"https:\/\/diadianoticias.com.br\/?p=48602"},"modified":"2024-02-27T12:19:59","modified_gmt":"2024-02-27T12:19:59","slug":"motorista-fica-ferido-ao-tombar-caminhao-na-prc-158","status":"publish","type":"post","link":"https:\/\/diadianoticias.com.br\/?p=48602","title":{"rendered":"MOTORISTA FICA FERIDO AO TOMBAR CAMINH\u00c3O NA PRC-158"},"content":{"rendered":"\n<p>Um caminh\u00e3o tombou e interditou completamente a rodovia PRC-158, em Campo Mour\u00e3o. O acidente foi registrado por volta da 1h, dessa ter\u00e7a-feira (27). O motorista, de 54 anos, ficou ferido e foi socorrido pela equipe do SAMU para o hospital.<\/p>\n\n\n\n<p>Segundo a Pol\u00edcia Rodovi\u00e1ria, conforme os dados colhidos no local, o caminh\u00e3o M.BENZ\/AXOR 2544 LS, com placas de Cascavel-PR, e conduzido por um homem, de 54 anos, transitava pela PRC-158 no sentido de Campo Mour\u00e3o a Maring\u00e1.<\/p>\n\n\n\n<p>Ao alcan\u00e7ar o Km 209, o condutor perdeu o controle de dire\u00e7\u00e3o do ve\u00edculo, resultando no tombamento que ocupou ambas as pistas da rodovia. Diante disso, as equipes do DER foram acionadas para efetuarem a sinaliza\u00e7\u00e3o at\u00e9 que seja feita a remo\u00e7\u00e3o do ve\u00edculo.<\/p>\n\n\n\n<p>(Fonte \u2013 Pol\u00edcia Rodovi\u00e1ria)<\/p>\n","protected":false},"excerpt":{"rendered":"<div class=\"mh-excerpt\"><p>Um caminh\u00e3o tombou e interditou completamente a rodovia PRC-158, em Campo Mour\u00e3o. O acidente foi registrado por volta da 1h, dessa ter\u00e7a-feira (27). O motorista, de 54 anos, ficou ferido e foi socorrido pela equipe <a class=\"mh-excerpt-more\" href=\"https:\/\/diadianoticias.com.br\/?p=48602\" title=\"MOTORISTA FICA FERIDO AO TOMBAR CAMINH\u00c3O NA PRC-158\">[&#8230;]<\/a><\/p>\n<\/div>","protected":false},"author":4,"featured_media":48603,"comment_status":"open","ping_status":"open","sticky":false,"template":"","format":"standard","meta":{"footnotes":""},"categories":[32,5],"tags":[],"class_list":{"0":"post-48602","1":"post","2":"type-post","3":"status-publish","4":"format-standard","5":"has-post-thumbnail","7":"category-destaque","8":"category-policiais"},"_links":{"self":[{"href":"https:\/\/diadianoticias.com.br\/index.php?rest_route=\/wp\/v2\/posts\/48602","targetHints":{"allow":["GET"]}}],"collection":[{"href":"https:\/\/diadianoticias.com.br\/index.php?rest_route=\/wp\/v2\/posts"}],"about":[{"href":"https:\/\/diadianoticias.com.br\/index.php?rest_route=\/wp\/v2\/types\/post"}],"author":[{"embeddable":true,"href":"https:\/\/diadianoticias.com.br\/index.php?rest_route=\/wp\/v2\/users\/4"}],"replies":[{"embeddable":true,"href":"https:\/\/diadianoticias.com.br\/index.php?rest_route=%2Fwp%2Fv2%2Fcomments&post=48602"}],"version-history":[{"count":1,"href":"https:\/\/diadianoticias.com.br\/index.php?rest_route=\/wp\/v2\/posts\/48602\/revisions"}],"predecessor-version":[{"id":48604,"href":"https:\/\/diadianoticias.com.br\/index.php?rest_route=\/wp\/v2\/posts\/48602\/revisions\/48604"}],"wp:featuredmedia":[{"embeddable":true,"href":"https:\/\/diadianoticias.com.br\/index.php?rest_route=\/wp\/v2\/media\/48603"}],"wp:attachment":[{"href":"https:\/\/diadianoticias.com.br\/index.php?rest_route=%2Fwp%2Fv2%2Fmedia&parent=48602"}],"wp:term":[{"taxonomy":"category","embeddable":true,"href":"https:\/\/diadianoticias.com.br\/index.php?rest_route=%2Fwp%2Fv2%2Fcategories&post=48602"},{"taxonomy":"post_tag","embeddable":true,"href":"https:\/\/diadianoticias.com.br\/index.php?rest_route=%2Fwp%2Fv2%2Ftags&post=48602"}],"curies":[{"name":"wp","href":"https:\/\/api.w.org\/{rel}","templated":true}]}}