{"id":48594,"date":"2024-01-25T21:08:25","date_gmt":"2024-01-25T21:08:25","guid":{"rendered":"https:\/\/diadianoticias.com.br\/?p=48594"},"modified":"2024-01-25T21:08:27","modified_gmt":"2024-01-25T21:08:27","slug":"motorista-morre-apos-colidir-carro-contra-onibus-e-bater-violentamente-contra-arvore-na-pr-082","status":"publish","type":"post","link":"https:\/\/diadianoticias.com.br\/?p=48594","title":{"rendered":"MOTORISTA MORRE, AP\u00d3S COLIDIR CARRO CONTRA \u00d4NIBUS, E BATER VIOLENTAMENTE CONTRA \u00c1RVORE, NA PR-082"},"content":{"rendered":"\n<p>Um homem, de 63 anos, morreu em um grave acidente, ap\u00f3s uma colis\u00e3o de um carro contra um \u00f4nibus, na manh\u00e3 dessa quinta-feira (25), por volta das 10h30. Ap\u00f3s a batida, o carro colidiu violentamente contra uma \u00e1rvore, as margens da rodovia PR-082, pr\u00f3ximo \u00e0 uma usina, entre Cianorte e Indian\u00f3polis.<\/p>\n\n\n\n<p>Com a batida o motorista do carro, um GM Corsa, de cor branca, ficou preso entre as ferragens e acabou entrando em \u00f3bito.<\/p>\n\n\n\n<p>De acordo com as informa\u00e7\u00f5es, o autom\u00f3vel e o \u00f4nibus de linha, seguiam sentido \u00e0 Indian\u00f3polis, momento em que ocorreu a colis\u00e3o lateral. Ap\u00f3s bater contra a lateral do \u00f4nibus, o motorista perdeu o controle da dire\u00e7\u00e3o e bateu forte contra a \u00e1rvore.<\/p>\n\n\n\n<p>Equipes do Corpo de Bombeiros e Samu de Cianorte estiveram no local, mas, infelizmente, a v\u00edtima estava em \u00f3bito. Ningu\u00e9m do \u00f4nibus ficou ferido. Policiais rodovi\u00e1rios compareceram ao local e confeccionaram o boletim de ocorr\u00eancia para apurar as circunst\u00e2ncias do acidente.<\/p>\n\n\n\n<p>Equipes da Criminal\u00edstica e IML foram acionadas e ap\u00f3s os procedimentos, o corpo foi encaminhado para o Instituto M\u00e9dico Legal para exames.<\/p>\n\n\n\n<p>Fonte &#8211; Dia a Dia Not\u00edcias<\/p>\n","protected":false},"excerpt":{"rendered":"<div class=\"mh-excerpt\"><p>Um homem, de 63 anos, morreu em um grave acidente, ap\u00f3s uma colis\u00e3o de um carro contra um \u00f4nibus, na manh\u00e3 dessa quinta-feira (25), por volta das 10h30. Ap\u00f3s a batida, o carro colidiu violentamente <a class=\"mh-excerpt-more\" href=\"https:\/\/diadianoticias.com.br\/?p=48594\" title=\"MOTORISTA MORRE, AP\u00d3S COLIDIR CARRO CONTRA \u00d4NIBUS, E BATER VIOLENTAMENTE CONTRA \u00c1RVORE, NA PR-082\">[&#8230;]<\/a><\/p>\n<\/div>","protected":false},"author":4,"featured_media":48595,"comment_status":"open","ping_status":"open","sticky":false,"template":"","format":"standard","meta":{"footnotes":""},"categories":[5],"tags":[],"class_list":{"0":"post-48594","1":"post","2":"type-post","3":"status-publish","4":"format-standard","5":"has-post-thumbnail","7":"category-policiais"},"_links":{"self":[{"href":"https:\/\/diadianoticias.com.br\/index.php?rest_route=\/wp\/v2\/posts\/48594","targetHints":{"allow":["GET"]}}],"collection":[{"href":"https:\/\/diadianoticias.com.br\/index.php?rest_route=\/wp\/v2\/posts"}],"about":[{"href":"https:\/\/diadianoticias.com.br\/index.php?rest_route=\/wp\/v2\/types\/post"}],"author":[{"embeddable":true,"href":"https:\/\/diadianoticias.com.br\/index.php?rest_route=\/wp\/v2\/users\/4"}],"replies":[{"embeddable":true,"href":"https:\/\/diadianoticias.com.br\/index.php?rest_route=%2Fwp%2Fv2%2Fcomments&post=48594"}],"version-history":[{"count":1,"href":"https:\/\/diadianoticias.com.br\/index.php?rest_route=\/wp\/v2\/posts\/48594\/revisions"}],"predecessor-version":[{"id":48596,"href":"https:\/\/diadianoticias.com.br\/index.php?rest_route=\/wp\/v2\/posts\/48594\/revisions\/48596"}],"wp:featuredmedia":[{"embeddable":true,"href":"https:\/\/diadianoticias.com.br\/index.php?rest_route=\/wp\/v2\/media\/48595"}],"wp:attachment":[{"href":"https:\/\/diadianoticias.com.br\/index.php?rest_route=%2Fwp%2Fv2%2Fmedia&parent=48594"}],"wp:term":[{"taxonomy":"category","embeddable":true,"href":"https:\/\/diadianoticias.com.br\/index.php?rest_route=%2Fwp%2Fv2%2Fcategories&post=48594"},{"taxonomy":"post_tag","embeddable":true,"href":"https:\/\/diadianoticias.com.br\/index.php?rest_route=%2Fwp%2Fv2%2Ftags&post=48594"}],"curies":[{"name":"wp","href":"https:\/\/api.w.org\/{rel}","templated":true}]}}