{"id":48587,"date":"2023-12-06T12:12:40","date_gmt":"2023-12-06T12:12:40","guid":{"rendered":"https:\/\/diadianoticias.com.br\/?p=48587"},"modified":"2023-12-06T12:12:43","modified_gmt":"2023-12-06T12:12:43","slug":"vendedora-ambulante-e-agredida-e-ameacada-com-faca-por-cliente-em-cianorte","status":"publish","type":"post","link":"https:\/\/diadianoticias.com.br\/?p=48587","title":{"rendered":"VENDEDORA AMBULANTE \u00c9 AGREDIDA E AMEA\u00c7ADA COM FACA, POR CLIENTE, EM CIANORTE"},"content":{"rendered":"\n<p>Na noite dessa ter\u00e7a-feira (05), por volta das 23h, uma equipe da Pol\u00edcia Militar foi acionada e deslocou at\u00e9 a Rua Damasco, em Cianorte, para dar atendimento a uma situa\u00e7\u00e3o de amea\u00e7a e agress\u00e3o.<\/p>\n\n\n\n<p>No local, a v\u00edtima, uma mulher de 50 anos, relatou que \u00e9 vendedora ambulante, e que na data de hoje, a autora dos fatos, uma mulher de 53 anos, a convidou a ir at\u00e9 a sua casa, para fazer o acerto da parte restante de uma compra feita pela mesma.<\/p>\n\n\n\n<p>J\u00e1 na resid\u00eancia, a v\u00edtima foi convidada a entrar e sentar no sof\u00e1 e somar o que a autora estava devendo, e em seguida foi iniciada uma discuss\u00e3o sobre um homem, o qual a autora afirma que a v\u00edtima teria um caso. Na sequ\u00eancia, j\u00e1 se iniciaram as agress\u00f5es f\u00edsicas com tapas na regi\u00e3o da orelha e verbais, tomando o celular da v\u00edtima e amea\u00e7ando-lhe com uma faca. A solicitante afirmou que correu para seu carro com medo, e a autora correu atr\u00e1s dela e danificou seu carro com a faca.<\/p>\n\n\n\n<p>Sendo assim, ambas foram encaminhadas a Unidade de Pronto Atendimento (UPA), para lavratura de Auto de Les\u00e3o Corporal e, posteriormente, foram conduzidas \u00e0 Delegacia de Pol\u00edcia Civil para as medidas cab\u00edveis.<\/p>\n\n\n\n<p>(Fonte \u2013 Pol\u00edcia Militar)<\/p>\n","protected":false},"excerpt":{"rendered":"<div class=\"mh-excerpt\"><p>Na noite dessa ter\u00e7a-feira (05), por volta das 23h, uma equipe da Pol\u00edcia Militar foi acionada e deslocou at\u00e9 a Rua Damasco, em Cianorte, para dar atendimento a uma situa\u00e7\u00e3o de amea\u00e7a e agress\u00e3o. No <a class=\"mh-excerpt-more\" href=\"https:\/\/diadianoticias.com.br\/?p=48587\" title=\"VENDEDORA AMBULANTE \u00c9 AGREDIDA E AMEA\u00c7ADA COM FACA, POR CLIENTE, EM CIANORTE\">[&#8230;]<\/a><\/p>\n<\/div>","protected":false},"author":4,"featured_media":48584,"comment_status":"open","ping_status":"open","sticky":false,"template":"","format":"standard","meta":{"footnotes":""},"categories":[32,5],"tags":[],"class_list":{"0":"post-48587","1":"post","2":"type-post","3":"status-publish","4":"format-standard","5":"has-post-thumbnail","7":"category-destaque","8":"category-policiais"},"_links":{"self":[{"href":"https:\/\/diadianoticias.com.br\/index.php?rest_route=\/wp\/v2\/posts\/48587","targetHints":{"allow":["GET"]}}],"collection":[{"href":"https:\/\/diadianoticias.com.br\/index.php?rest_route=\/wp\/v2\/posts"}],"about":[{"href":"https:\/\/diadianoticias.com.br\/index.php?rest_route=\/wp\/v2\/types\/post"}],"author":[{"embeddable":true,"href":"https:\/\/diadianoticias.com.br\/index.php?rest_route=\/wp\/v2\/users\/4"}],"replies":[{"embeddable":true,"href":"https:\/\/diadianoticias.com.br\/index.php?rest_route=%2Fwp%2Fv2%2Fcomments&post=48587"}],"version-history":[{"count":1,"href":"https:\/\/diadianoticias.com.br\/index.php?rest_route=\/wp\/v2\/posts\/48587\/revisions"}],"predecessor-version":[{"id":48588,"href":"https:\/\/diadianoticias.com.br\/index.php?rest_route=\/wp\/v2\/posts\/48587\/revisions\/48588"}],"wp:featuredmedia":[{"embeddable":true,"href":"https:\/\/diadianoticias.com.br\/index.php?rest_route=\/wp\/v2\/media\/48584"}],"wp:attachment":[{"href":"https:\/\/diadianoticias.com.br\/index.php?rest_route=%2Fwp%2Fv2%2Fmedia&parent=48587"}],"wp:term":[{"taxonomy":"category","embeddable":true,"href":"https:\/\/diadianoticias.com.br\/index.php?rest_route=%2Fwp%2Fv2%2Fcategories&post=48587"},{"taxonomy":"post_tag","embeddable":true,"href":"https:\/\/diadianoticias.com.br\/index.php?rest_route=%2Fwp%2Fv2%2Ftags&post=48587"}],"curies":[{"name":"wp","href":"https:\/\/api.w.org\/{rel}","templated":true}]}}