{"id":48561,"date":"2023-10-17T12:36:42","date_gmt":"2023-10-17T12:36:42","guid":{"rendered":"https:\/\/diadianoticias.com.br\/?p=48561"},"modified":"2023-10-17T12:36:45","modified_gmt":"2023-10-17T12:36:45","slug":"apos-denuncia-pm-recupera-produtos-furtados-de-lojas-que-estavam-escondidos-dentro-de-veiculo-em-cianorte","status":"publish","type":"post","link":"https:\/\/diadianoticias.com.br\/?p=48561","title":{"rendered":"AP\u00d3S DEN\u00daNCIA, PM RECUPERA PRODUTOS FURTADOS DE LOJAS, QUE ESTAVAM ESCONDIDOS DENTRO DE VE\u00cdCULO, EM CIANORTE"},"content":{"rendered":"\n<p>Na tarde dessa segunda-feira (16), por volta das 13h30, policiais militares foram acionados para comparecer na Av. Souza Naves, onde solicitantes informaram que haveria uma mulher furtando produtos de com\u00e9rcios pr\u00f3ximos e guardando tais objetos em um ve\u00edculo estacionado na via.<\/p>\n\n\n\n<p>No local, um dos gerentes de um dos com\u00e9rcios informou aos policiais que avistaram uma mulher guardando produtos de furto em um GM Corsa, de cor vermelha, que estava nas proximidades. O solicitante acompanhou os policiais at\u00e9 o carro suspeito, sendo poss\u00edvel visualizar pe\u00e7as de vestu\u00e1rio com etiqueta da sua loja, no interior do autom\u00f3vel.<\/p>\n\n\n\n<p>Junto do carro se fizeram presentes funcion\u00e1rios de mais duas lojas, relatando que tamb\u00e9m reconheciam produtos de suas lojas dentro do ve\u00edculo. O autom\u00f3vel estava destrancado, sendo poss\u00edvel o acesso ao seu interior pelos policiais, onde ainda foram encontrados perfumes, pe\u00e7as de vestu\u00e1rio, bolsas, pe\u00e7as de lou\u00e7a, maquiagem e produtos de higiene pessoal. A propriet\u00e1ria do ve\u00edculo n\u00e3o foi encontrada.<\/p>\n\n\n\n<p>Sendo assim, o carro, juntamente com todos os objetos encontrados no seu interior, foram encaminhados para a Delegacia de Pol\u00edcia de Cianorte para as medidas cab\u00edveis.<\/p>\n\n\n\n<p>Fonte &#8211; Pol\u00edcia Militar<\/p>\n","protected":false},"excerpt":{"rendered":"<div class=\"mh-excerpt\"><p>Na tarde dessa segunda-feira (16), por volta das 13h30, policiais militares foram acionados para comparecer na Av. Souza Naves, onde solicitantes informaram que haveria uma mulher furtando produtos de com\u00e9rcios pr\u00f3ximos e guardando tais objetos <a class=\"mh-excerpt-more\" href=\"https:\/\/diadianoticias.com.br\/?p=48561\" title=\"AP\u00d3S DEN\u00daNCIA, PM RECUPERA PRODUTOS FURTADOS DE LOJAS, QUE ESTAVAM ESCONDIDOS DENTRO DE VE\u00cdCULO, EM CIANORTE\">[&#8230;]<\/a><\/p>\n<\/div>","protected":false},"author":4,"featured_media":48562,"comment_status":"open","ping_status":"open","sticky":false,"template":"","format":"standard","meta":{"footnotes":""},"categories":[32,5],"tags":[],"class_list":{"0":"post-48561","1":"post","2":"type-post","3":"status-publish","4":"format-standard","5":"has-post-thumbnail","7":"category-destaque","8":"category-policiais"},"_links":{"self":[{"href":"https:\/\/diadianoticias.com.br\/index.php?rest_route=\/wp\/v2\/posts\/48561","targetHints":{"allow":["GET"]}}],"collection":[{"href":"https:\/\/diadianoticias.com.br\/index.php?rest_route=\/wp\/v2\/posts"}],"about":[{"href":"https:\/\/diadianoticias.com.br\/index.php?rest_route=\/wp\/v2\/types\/post"}],"author":[{"embeddable":true,"href":"https:\/\/diadianoticias.com.br\/index.php?rest_route=\/wp\/v2\/users\/4"}],"replies":[{"embeddable":true,"href":"https:\/\/diadianoticias.com.br\/index.php?rest_route=%2Fwp%2Fv2%2Fcomments&post=48561"}],"version-history":[{"count":1,"href":"https:\/\/diadianoticias.com.br\/index.php?rest_route=\/wp\/v2\/posts\/48561\/revisions"}],"predecessor-version":[{"id":48563,"href":"https:\/\/diadianoticias.com.br\/index.php?rest_route=\/wp\/v2\/posts\/48561\/revisions\/48563"}],"wp:featuredmedia":[{"embeddable":true,"href":"https:\/\/diadianoticias.com.br\/index.php?rest_route=\/wp\/v2\/media\/48562"}],"wp:attachment":[{"href":"https:\/\/diadianoticias.com.br\/index.php?rest_route=%2Fwp%2Fv2%2Fmedia&parent=48561"}],"wp:term":[{"taxonomy":"category","embeddable":true,"href":"https:\/\/diadianoticias.com.br\/index.php?rest_route=%2Fwp%2Fv2%2Fcategories&post=48561"},{"taxonomy":"post_tag","embeddable":true,"href":"https:\/\/diadianoticias.com.br\/index.php?rest_route=%2Fwp%2Fv2%2Ftags&post=48561"}],"curies":[{"name":"wp","href":"https:\/\/api.w.org\/{rel}","templated":true}]}}