{"id":48338,"date":"2023-07-03T17:06:13","date_gmt":"2023-07-03T17:06:13","guid":{"rendered":"https:\/\/diadianoticias.com.br\/?p=48338"},"modified":"2023-07-03T17:06:15","modified_gmt":"2023-07-03T17:06:15","slug":"confira-9-concursos-de-prefeituras-no-parana-salarios-chegam-a-r-224-mil","status":"publish","type":"post","link":"https:\/\/diadianoticias.com.br\/?p=48338","title":{"rendered":"CONFIRA 9 CONCURSOS DE PREFEITURAS NO PARAN\u00c1; SAL\u00c1RIOS CHEGAM A R$ 22,4 MIL\u00a0"},"content":{"rendered":"\n<p>Passar em um concurso p\u00fablico e a meta profissional de muita gente. Pensando nisso, o Portal GMC Online selecionou 9 concursos p\u00fablicos dispon\u00edveis nas prefeituras de v\u00e1rias cidades do Paran\u00e1. Veja a lista abaixo:<br><\/p>\n\n\n\n<h3 class=\"wp-block-heading\" id=\"h-prefeitura-de-atalaia-pr\"><strong>PREFEITURA DE ATALAIA \u2013 PR<\/strong><\/h3>\n\n\n\n<p>A Prefeitura de Atalaia, no Paran\u00e1, est\u00e1 com vagas para concurso p\u00fablico. Ao todo, 12 vagas est\u00e3o sendo oferecidas e forma\u00e7\u00e3o de cadastro reserva.<\/p>\n\n\n\n<p>Os cargos s\u00e3o de n\u00edveis alfabetizado a superior, com sal\u00e1rios que variam de R$ 1.302,00 a R$ 4.276,93.<\/p>\n\n\n\n<p>O prazo para se inscrever \u00e9<strong>&nbsp;12 de julho.<\/strong><\/p>\n\n\n\n<p>Para acessar o edital e se inscrever, clique no<a href=\"https:\/\/anexos.cdn.selecao.net.br\/uploads\/281\/concursos\/3861\/anexos\/o8W1BrBOTDwYF17KbY99QrpV8ibEfJEChDUqNXCc.pdf\">&nbsp;<strong>link<\/strong><\/a>.<\/p>\n\n\n\n<p><strong>Cargos:<\/strong><\/p>\n\n\n\n<ul class=\"wp-block-list\"><li><strong>Alfabetizado<\/strong><\/li><li>Auxiliar de Servi\u00e7os Gerais Feminino (1 vaga + cadastro de reserva (CR)<\/li><li>Motorista (1)<\/li><li>Operador de M\u00e1quinas Leves (CR)<\/li><li>Operador de M\u00e1quinas Pesadas (CR)<\/li><li>Pedreiro (CR)<\/li><li>Servi\u00e7os Gerais Masculino (CR)<\/li><\/ul>\n\n\n\n<ul class=\"wp-block-list\"><li><strong>Ensino fundamental<\/strong><\/li><li>Agente de Sa\u00fade (CR)<\/li><\/ul>\n\n\n\n<ul class=\"wp-block-list\"><li><strong>Ensino m\u00e9dio\/t\u00e9cnico<\/strong><\/li><li>Assistente Administrativo (1 + CR)<\/li><li>Auxiliar de Farm\u00e1cia (1 + CR)<\/li><li>T\u00e9cnico em Contabilidade (1 + CR)<\/li><li>T\u00e9cnico em Enfermagem (1 + CR)<\/li><li>T\u00e9cnico em Higiene Dental (CR)<\/li><\/ul>\n\n\n\n<ul class=\"wp-block-list\"><li><strong>Ensino Superior<\/strong><\/li><li>Assistente Social (CR)<\/li><li>Cirurgi\u00e3o Dentista (CR)<\/li><li>Contador (1 + CR)<\/li><li>Enfermeiro (1 + CR)<\/li><li>Fisioterapeuta (CR)<\/li><li>Fonoaudi\u00f3logo (1 + CR)<\/li><li>Nutricionista (1 + CR)<\/li><li>Profissional de Educa\u00e7\u00e3o F\u00edsica (1 + CR)<\/li><li>Psic\u00f3logo (CR)<\/li><li>Terapeuta ocupacional (1 + CR)<\/li><\/ul>\n\n\n\n<p><strong>PREFEITURA DE BELA VISTA DA CAROBA \u2013 PR<\/strong><\/p>\n\n\n\n<p>A Prefeitura de Bela Vista da Caroba, no Paran\u00e1, est\u00e1 com vagas para concurso p\u00fablico. Os cargos ofertados s\u00e3o de Fiscal Tribut\u00e1rio, com a oferta salarial de R$ 1.862,37, e de Odont\u00f3logo, com a oferta salarial de R$ 4.081,21.<\/p>\n\n\n\n<p>O prazo para se inscrever \u00e9&nbsp;<strong>10 de julho<\/strong>.<\/p>\n\n\n\n<p>Para acessar o edital e se inscrever, clique no&nbsp;<a href=\"https:\/\/ippec.org.br\/concursos\/concurso\/224\"><strong>link<\/strong><\/a>.<\/p>\n\n\n\n<h3 class=\"wp-block-heading\" id=\"h-prefeitura-de-cambe-pr\"><strong>PREFEITURA DE CAMB\u00c9 \u2013 PR<\/strong><\/h3>\n\n\n\n<p>A Prefeitura da Camb\u00e9, no Paran\u00e1, est\u00e1 com vagas para concurso p\u00fablico. Ao todo, 25 vagas imediatas est\u00e3o sendo oferecidas e forma\u00e7\u00e3o de cadastro reserva, em cargos de n\u00edveis m\u00e9dio, t\u00e9cnico e superior. Al\u00e9m das vagas de ampla concorr\u00eancia, h\u00e1 reserva para pessoas negras e candidatos com defici\u00eancia.<\/p>\n\n\n\n<p>Os sal\u00e1rios variam de R$ 1.812,76 a R$ 8.103,73.<\/p>\n\n\n\n<p>O prazo para se inscrever \u00e9&nbsp;<strong>6 de julho.<\/strong><\/p>\n\n\n\n<p>Para acessar o edital e se inscrever, clique no<a href=\"http:\/\/www.fauel.org.br\/download\/Cambe_Ed_001_Abertura.pdf\">&nbsp;link<\/a>.<\/p>\n\n\n\n<p><strong>Cargos:<\/strong><\/p>\n\n\n\n<ul class=\"wp-block-list\"><li>Advogado (01 + CR)<\/li><li>Agente Fazend\u00e1rio (03+ CR)<\/li><li>Agente Social (04+ CR)<\/li><li>Assistente Social (05+ CR)<\/li><li>Auxiliar em Sa\u00fade Bucal \u2013 PSF (01 + CR)<\/li><li>Bi\u00f3logo (01+ CR)<\/li><li>Contador (01 + CR)<\/li><li>Dentista \u2013 PSF (01+ CR)<\/li><li>Educador F\u00edsico do Esporte (03+ CR)<\/li><li>Engenheiro Agr\u00f4nomo (01+ CR)<\/li><li>Engenheiro Eletricista (01+ CR)<\/li><li>Fiscal do Procon (01+ CR)<\/li><li>Fiscal Sanit\u00e1rio (01+ CR)<\/li><li>T\u00e9cnico em Sa\u00fade Bucal \u2013 PSF (01 + CR)<\/li><\/ul>\n\n\n\n<p><strong>PREFEITURA DE CAMPO LARGO \u2013 PR<\/strong><\/p>\n\n\n\n<p>A Prefeitura da Campo Largo, no Paran\u00e1, est\u00e1 com vagas para concurso p\u00fablico. Ao todo, 8 vagas est\u00e3o sendo oferecidas e forma\u00e7\u00e3o de cadastro reserva.<\/p>\n\n\n\n<p>Os sal\u00e1rios que variam de R$ 1.815,44 a R$ 22.448,97<\/p>\n\n\n\n<p>O prazo para se inscrever \u00e9<strong>&nbsp;2 de agosto.<\/strong><\/p>\n\n\n\n<p>Para acessar o edital e se inscrever, clique no<a href=\"https:\/\/concursos.fundacaofafipa.org.br\/informacoes\/3865\/\">&nbsp;<strong>link<\/strong><\/a>.<\/p>\n\n\n\n<p><strong>Cargos:<\/strong><\/p>\n\n\n\n<ul class=\"wp-block-list\"><li>Auxiliar de Educa\u00e7\u00e3o Infantil (1)<\/li><li>Auxiliar de Farm\u00e1cia (CR)<\/li><li>Auxiliar de Odontologia (1)<\/li><li>Coordenador de Material (CR)<\/li><li>Secret\u00e1rio Escolar (CR)<\/li><li>Fiscal Ambiental (CR)<\/li><li>Fiscal de Edifica\u00e7\u00f5es\/Obras (CR)<\/li><li>Fiscal de Posturas (CR)<\/li><li>Fiscal Tribut\u00e1rio\/Fazend\u00e1rio (CR)<\/li><li>T\u00e9cnico de Seguran\u00e7a do Trabalho (CR)<\/li><li>T\u00e9cnico em Agropecu\u00e1ria (CR)<\/li><li>T\u00e9cnico em Cer\u00e2mica (CR)<\/li><li>T\u00e9cnico em Contabilidade (CR)<\/li><li>T\u00e9cnico em Enfermagem (1)<\/li><li>T\u00e9cnico em Radiologia (CR)<\/li><li>T\u00e9cnico em Sa\u00fade Bucal (CR)<\/li><li>T\u00e9cnico Florestal (CR)<\/li><li>Analista de Informa\u00e7\u00e3o (CR)<\/li><li>Analista Social (CR)<\/li><li>Analista Cultural (CR)<\/li><li>Economista (1)<\/li><li>Enfermeiro (CR)<\/li><li>Engenheiro Civil Urbanista (CR)<\/li><li>Farmac\u00eautico Bioqu\u00edmico (1)<\/li><li>Farmac\u00eautico Bioqu\u00edmico (CR)<\/li><li>Fonoaudi\u00f3logo (CR)<\/li><li>M\u00e9dico (2)<\/li><li>M\u00e9dico Ecografista (CR)<\/li><li>M\u00e9dico Ginecologista e Obstetra (CR)<\/li><li>M\u00e9dico Infectologista (CR)<\/li><li>M\u00e9dico Pediatra (CR)<\/li><li>M\u00e9dico Psiquiatra Adulto\/ Infantil (1)<\/li><li>Terapeuta Ocupacional (CR)<\/li><\/ul>\n\n\n\n<h3 class=\"wp-block-heading\" id=\"h-prefeitura-de-campo-largo-pr\"><strong>PREFEITURA DE CAMPO LARGO \u2013 PR<\/strong><\/h3>\n\n\n\n<p>A Prefeitura da Campo Largo, no Paran\u00e1, est\u00e1 com vagas para concurso p\u00fablico. Ao todo, 5 vagas est\u00e3o sendo oferecidas e forma\u00e7\u00e3o de cadastro reserva.<\/p>\n\n\n\n<p>O sal\u00e1rio oferecido \u00e9 de R$ 2.640,00<\/p>\n\n\n\n<p>O prazo para se inscrever \u00e9<strong>&nbsp;2 de agosto.<\/strong><\/p>\n\n\n\n<p>Para acessar o edital e se inscrever, clique no<a href=\"https:\/\/concursos.fundacaofafipa.org.br\/informacoes\/3867\/\">&nbsp;<strong>link<\/strong><\/a>.<\/p>\n\n\n\n<p><strong>Cargos:&nbsp;<\/strong><\/p>\n\n\n\n<ul class=\"wp-block-list\"><li>Agente Comunit\u00e1rio de Sa\u00fade \u2013 Ubs \u00c1guas Claras (CR)<\/li><li>Agente Comunit\u00e1rio de Sa\u00fade \u2013 Ubs Bateias (CR)<\/li><li>Agente Comunit\u00e1rio de Sa\u00fade \u2013 Ubs Botiatuva (CR)<\/li><li>Agente Comunit\u00e1rio de Sa\u00fade \u2013 Ubs Caratuva (CR)<\/li><li>Agente Comunit\u00e1rio de Sa\u00fade \u2013 Ubs Cercadinho (CR)<\/li><li>Agente Comunit\u00e1rio de Sa\u00fade \u2013 Ubs Dante Castagnolli (2 + CR)<\/li><li>Agente Comunit\u00e1rio de Sa\u00fade \u2013 Ubs Fazendinha (CR)<\/li><li>Agente Comunit\u00e1rio de Sa\u00fade \u2013 Ubs Ferraria (1 + CR)<\/li><li>Agente Comunit\u00e1rio de Sa\u00fade \u2013 Ubs Guarany (CR)<\/li><li>Agente Comunit\u00e1rio de Sa\u00fade \u2013 Ubs Itaboa (2 + CR)<\/li><li>Agente Comunit\u00e1rio de Sa\u00fade \u2013 Ubs Riavabem (CR)<\/li><li>Agente Comunit\u00e1rio de Sa\u00fade \u2013 Ubs Rondinha (CR)<\/li><li>Agente Comunit\u00e1rio de Sa\u00fade \u2013 Ubs Santa CRuz (CR)<\/li><li>Agente Comunit\u00e1rio de Sa\u00fade \u2013 Ubs S\u00e3o Silvestre (CR)<\/li><li>Agente Comunit\u00e1rio de Sa\u00fade \u2013 Ubs Tr\u00eas C\u00f3rregos (CR)<\/li><li>Agente Comunit\u00e1rio de Sa\u00fade \u2013 Ubs Vila Gl\u00f3ria (CR)<\/li><li>Agente de Combate \u00c0s Endemias (CR)<\/li><\/ul>\n\n\n\n<h3 class=\"wp-block-heading\" id=\"h-prefeitura-de-mato-rico-pr\"><strong>PREFEITURA DE MATO RICO \u2013 PR<\/strong><\/h3>\n\n\n\n<p>A Prefeitura da Mato Rico, no Paran\u00e1, est\u00e1 com vagas para concurso p\u00fablico. Ao todo, 76 vagas est\u00e3o sendo oferecidas e forma\u00e7\u00e3o de cadastro reserva.<\/p>\n\n\n\n<p>Os sal\u00e1rios variam de R$ 1.320,00 a R$ 14.465,24.<\/p>\n\n\n\n<p>O prazo para se inscrever \u00e9&nbsp;<strong>28 de julho.<\/strong><\/p>\n\n\n\n<p>Para acessar o edital e se inscrever, clique no&nbsp;<a href=\"https:\/\/concursos.objetivas.com.br\/informacoes\/2279\/\">link<\/a>.<\/p>\n\n\n\n<p>Cargos:<\/p>\n\n\n\n<ul class=\"wp-block-list\"><li>Agente Administrativo (2 + CR)<\/li><li>Agente Comunit\u00e1rio de Sa\u00fade ( 1 + CR)<\/li><li>Agente Comunit\u00e1rio de Sa\u00fade ( 1 + CR)<\/li><li>Assistente Social (1 + CR)<\/li><li>Atendente de CReche ( 10 + CR)<\/li><li>Auxiliar Administrativo Iii (3 + CR)<\/li><li>Auxiliar de Consult\u00f3rio dent\u00e1rio (1 + CR)<\/li><li>Auxiliar de Fiscaliza\u00e7\u00e3o (2 + CR)<\/li><li>Auxiliar de Servi\u00e7os Gerais (14 + CR)<\/li><li>Calceteiro (2 + CR)<\/li><li>Contador (1 + CR)<\/li><li>Eletricista Geral (2 + CR)<\/li><li>Enfermeiro (CR)<\/li><li>Farmac\u00eautico Bioqu\u00edmico (1 + CR)<\/li><li>Fiscal de Tributos (CR)<\/li><li>Fisioterapeuta (CR)<\/li><li>Fonoaudi\u00f3logo (CR)<\/li><li>Guarda Florestal (CR)<\/li><li>Jardineiro (2 + CR)<\/li><li>Mec\u00e2nico (CR)<\/li><li>M\u00e9dico Cl\u00ednico Geral (2 + CR)<\/li><li>M\u00e9dico Veterin\u00e1rio (1 + CR)<\/li><li>Merendeira (3 + CR)<\/li><li>Mestre de Obra (1 + CR)<\/li><li>Motorista Categoria \u201cD\u201d (7 + CR)<\/li><li>Nutricionista (1 + CR)<\/li><li>Operador de M\u00e1quinas \u201cA\u201d (6 + CR)<\/li><li>Pedreiro (2 + CR)<\/li><li>Pintor (1 + CR)<\/li><li>Procurador Municipal (1 + CR)<\/li><li>Professor (2 + CR)<\/li><li>Servente de Obra (1 + CR)<\/li><li>T\u00e9cnico Em Enfermagem (1 + CR)<\/li><li>T\u00e9cnico Em Inform\u00e1tica (1 + CR)<\/li><li>Vigia (3 + CR)<\/li><li>Vigilante Sanit\u00e1rio (1 + CR)<\/li><li>Zelador de Cemit\u00e9rio (CR)<\/li><\/ul>\n\n\n\n<h3 class=\"wp-block-heading\" id=\"h-prefeitura-de-santa-amelia-pr\"><strong>PREFEITURA DE SANTA AM\u00c9LIA \u2013 PR<\/strong><\/h3>\n\n\n\n<p>A Prefeitura da Santa Am\u00e9lia, no Paran\u00e1, est\u00e1 com vagas para concurso p\u00fablico. Ao todo, 21 vagas est\u00e3o sendo oferecidas.<\/p>\n\n\n\n<p>Os sal\u00e1rios que variam de R$ 1.815,44 a R$ 22.448,97<\/p>\n\n\n\n<p>O prazo para se inscrever \u00e9<strong>&nbsp;2 de agosto.<\/strong><\/p>\n\n\n\n<p>Para acessar o edital e se inscrever, clique no<a href=\"https:\/\/concursos.fundacaofafipa.org.br\/informacoes\/3865\/\">&nbsp;<strong>link<\/strong><\/a>.<\/p>\n\n\n\n<p>Cargos:<\/p>\n\n\n\n<ul class=\"wp-block-list\"><li>Agente de Saneamento (1)<\/li><li>Analista de Obras (1)<\/li><li>Assistente Social (1)<\/li><li>Auxiliar Administrativo III (1)<\/li><li>Auxiliar de Enfermagem (1)<\/li><li>Enfermeiro (1)<\/li><li>Fisioterapeuta (1)<\/li><li>Fonoaudi\u00f3logo (1)<\/li><li>M\u00e9dico Cl\u00ednico Geral (1)<\/li><li>Motorista de Ve\u00edculos Pesados (1)<\/li><li>Nutricionista (1)<\/li><li>Operador de M\u00e1quinas (1)<\/li><li>Pedreiro (1)<\/li><li>Professor de Educa\u00e7\u00e3o F\u00edsica (1)<\/li><li>Professor de Artes (1)<\/li><li>Professor de Ensino Fundamental (1)<\/li><li>Psic\u00f3logo I (1)<\/li><li>Psic\u00f3logo II (1)<\/li><li>Servente (1)<\/li><li>T\u00e9cnico em Higiene Dental (1)<\/li><li>T\u00e9cnico em Inform\u00e1tica (1)<\/li><\/ul>\n\n\n\n<h3 class=\"wp-block-heading\" id=\"h-prefeitura-de-sertaneja-pr\"><strong>PREFEITURA DE SERTANEJA \u2013 PR<\/strong><\/h3>\n\n\n\n<p>A Prefeitura da Sertaneja, no Paran\u00e1, est\u00e1 com vagas para concurso p\u00fablico. Ao todo, 30 vagas est\u00e3o sendo oferecidas e forma\u00e7\u00e3o de cadastro reserva.<\/p>\n\n\n\n<p>Os sal\u00e1rios variam de R$ 1.463,21 a R$ 5.323,13.<\/p>\n\n\n\n<p>O prazo para se inscrever \u00e9&nbsp;<strong>11 de julho.<\/strong><\/p>\n\n\n\n<p>Para acessar o edital e se inscrever, clique no<a href=\"https:\/\/concursos.fundacaofafipa.org.br\/informacoes\/3862\/\">&nbsp;link<\/a>.<\/p>\n\n\n\n<p>Cargos:<\/p>\n\n\n\n<ul class=\"wp-block-list\"><li>Agente Comunit\u00e1rio de Sa\u00fade da Sede (1 + CR)<\/li><li>Agente de Combate a Endemias (1 + CR)<\/li><li>Agente de Compras (1 + CR)<\/li><li>Assistente Social (1 + CR)<\/li><li>Atendente de Consult\u00f3rio Dent\u00e1rio (1 + CR)<\/li><li>Contador (1 + CR)<\/li><li>Dentista (1 + CR)<\/li><li>Educador Social (1 + CR)<\/li><li>Enfermeiro (1 + CR)<\/li><li>Farmac\u00eautico (1 + CR)<\/li><li>Fiscal de Obras e Posturas (1 + CR)<\/li><li>Fisioterapeuta (1 + CR)<\/li><li>Fonoaudi\u00f3logo (1 + CR)<\/li><li>Professor (1 + CR)<\/li><li>Professor de Arte (1 + CR)<\/li><li>Professor de Educa\u00e7\u00e3o F\u00edsica (1 + CR)<\/li><li>Professor de Ensino Religioso (1 + CR)<\/li><li>Professor de Espanhol (1 + CR)<\/li><li>Professor de Ingl\u00eas (1 + CR)<\/li><li>Psic\u00f3logo (1 + CR)<\/li><li>T\u00e9cnico Agr\u00edcola (1 + CR)<\/li><li>T\u00e9cnico Ambiental (1 + CR)<\/li><li>T\u00e9cnico Econ\u00f4mico\/ Financeiro (1 + CR)<\/li><li>T\u00e9cnico em Enfermagem (1 + CR)<\/li><li>T\u00e9cnico em Recursos Humanos (1 + CR)<\/li><li>T\u00e9cnico em Seguran\u00e7a do Trabalho (1 + CR)<\/li><li>Terapeuta Ocupacional (1 + CR)<\/li><li>Turism\u00f3logo (1 + CR)<\/li><li>Veterin\u00e1rio (1 + CR)<\/li><\/ul>\n\n\n\n<h3 class=\"wp-block-heading\" id=\"h-prefeitura-de-jaguariaiva-pr\"><strong>PREFEITURA DE JAGUARIA\u00cdVA \u2013 PR<\/strong><\/h3>\n\n\n\n<p>A Prefeitura da Sertaneja, no Paran\u00e1, est\u00e1 com vagas para concurso p\u00fablico. Ao todo, 41 vagas est\u00e3o sendo oferecidas e forma\u00e7\u00e3o de cadastro reserva.<\/p>\n\n\n\n<p>Os sal\u00e1rios variam de R$ 1.320,00 a R$ 16.507,73.<\/p>\n\n\n\n<p>O prazo para se inscrever \u00e9&nbsp;<strong>6 de julho.<\/strong><\/p>\n\n\n\n<p>Para acessar o edital e se inscrever, clique no<a href=\"https:\/\/concursos.objetivas.com.br\/informacoes\/2322\/\">\u00a0link<\/a>.<\/p>\n\n\n\n<p>Cargos:<\/p>\n\n\n\n<ul class=\"wp-block-list\"><li>Advogado (CR)<\/li><li>Agente Administrativo (CR)<\/li><li>Agente de Sa\u00fade (CR)<\/li><li>Analista de Arquivo e Patrim\u00f4nio (1 + CR)<\/li><li>Arquiteto (CR)<\/li><li>Assistente Social (CR)<\/li><li>Auxiliar de Cirurgi\u00e3o Dentista (CR)<\/li><li>Auxiliar de Farm\u00e1cia (CR)<\/li><li>Bibliotec\u00e1rio (CR)<\/li><li>Coveiro (CR)<\/li><li>Cozinheira\/ Merendeira (CR)<\/li><li>Dentista (CR)<\/li><li>Documentador Escolar (CR)<\/li><li>Doula (1 + CR)<\/li><li>Eletricista Predial (1 + CR)<\/li><li>Enfermeiro (CR)<\/li><li>Enfermeiro Obstetra (CR)<\/li><li>Engenheiro Agr\u00f4nomo (CR)<\/li><li>Engenheiro Civil (CR)<\/li><li>Engenheiro Florestal (CR)<\/li><li>Farmac\u00eautico \u2013 Bioqu\u00edmico (CR)<\/li><li>Fiscal de Meio Ambiente (CR)<\/li><li>Fiscal de Obras (CR)<\/li><li>Fisioterapeuta (CR)<\/li><li>Fonoaudi\u00f3logo (1 + CR)<\/li><li>Guarda Civil Municipal (16 + CR)<\/li><li>Instrumentador Cir\u00fargico (CR)<\/li><li>Instrutor Educacional (5 + CR)<\/li><li>M\u00e9dico Anestesista (1 + CR)<\/li><li>M\u00e9dico Cirurgi\u00e3o Geral (1 + CR)<\/li><li>M\u00e9dico Generalista (1 + CR)<\/li><li>M\u00e9dico Ginecologista\/Obstetra (1 + CR)<\/li><li>M\u00e9dico Ortopedista (1 + CR)<\/li><li>M\u00e9dico Pediatra (1 + CR)<\/li><li>M\u00e9dico Veterin\u00e1rio (CR)<\/li><li>Motorista Habilita\u00e7\u00e3o B (CR)<\/li><li>Motorista Habilita\u00e7\u00e3o C, D E E (2 + CR)<\/li><li>Muse\u00f3logo (1 + CR)<\/li><li>Nutricionista (CR)<\/li><li>Oficial de Manuten\u00e7\u00e3o (1 + CR)<\/li><li>Operador de M\u00e1quinas Pesadas (CR)<\/li><li>Operador de Projetor Cinematogr\u00e1fico (1 + CR)<\/li><li>Professor \u2013 Artes Pl\u00e1sticas (CR)<\/li><li>Professor \u2013 Classe A (CR)<\/li><li>Projetista (CR)<\/li><li>Psic\u00f3logo (1 + CR)<\/li><li>Soldador (1 + CR)<\/li><li>Sonoplasta (CR)<\/li><li>T\u00e9cnico Agr\u00edcola (CR)<\/li><li>T\u00e9cnico em Contabilidade (CR)<\/li><li>T\u00e9cnico em Inform\u00e1tica (CR)<\/li><li>T\u00e9cnico em Radiologia (CR)<\/li><li>Terapeuta Ocupacional (CR)<\/li><li>Top\u00f3grafo (CR)<\/li><li>Tratorista (2 + CR)<\/li><li>Turism\u00f3logo\u00a0(1 + CR)<\/li><\/ul>\n\n\n\n<p>Fonte: gmconline.com.br<\/p>\n","protected":false},"excerpt":{"rendered":"<div class=\"mh-excerpt\"><p>Passar em um concurso p\u00fablico e a meta profissional de muita gente. Pensando nisso, o Portal GMC Online selecionou 9 concursos p\u00fablicos dispon\u00edveis nas prefeituras de v\u00e1rias cidades do Paran\u00e1. Veja a lista abaixo: PREFEITURA <a class=\"mh-excerpt-more\" href=\"https:\/\/diadianoticias.com.br\/?p=48338\" title=\"CONFIRA 9 CONCURSOS DE PREFEITURAS NO PARAN\u00c1; SAL\u00c1RIOS CHEGAM A R$ 22,4 MIL\u00a0\">[&#8230;]<\/a><\/p>\n<\/div>","protected":false},"author":4,"featured_media":48339,"comment_status":"open","ping_status":"open","sticky":false,"template":"","format":"standard","meta":{"footnotes":""},"categories":[32,14],"tags":[],"class_list":{"0":"post-48338","1":"post","2":"type-post","3":"status-publish","4":"format-standard","5":"has-post-thumbnail","7":"category-destaque","8":"category-paran"},"_links":{"self":[{"href":"https:\/\/diadianoticias.com.br\/index.php?rest_route=\/wp\/v2\/posts\/48338","targetHints":{"allow":["GET"]}}],"collection":[{"href":"https:\/\/diadianoticias.com.br\/index.php?rest_route=\/wp\/v2\/posts"}],"about":[{"href":"https:\/\/diadianoticias.com.br\/index.php?rest_route=\/wp\/v2\/types\/post"}],"author":[{"embeddable":true,"href":"https:\/\/diadianoticias.com.br\/index.php?rest_route=\/wp\/v2\/users\/4"}],"replies":[{"embeddable":true,"href":"https:\/\/diadianoticias.com.br\/index.php?rest_route=%2Fwp%2Fv2%2Fcomments&post=48338"}],"version-history":[{"count":1,"href":"https:\/\/diadianoticias.com.br\/index.php?rest_route=\/wp\/v2\/posts\/48338\/revisions"}],"predecessor-version":[{"id":48340,"href":"https:\/\/diadianoticias.com.br\/index.php?rest_route=\/wp\/v2\/posts\/48338\/revisions\/48340"}],"wp:featuredmedia":[{"embeddable":true,"href":"https:\/\/diadianoticias.com.br\/index.php?rest_route=\/wp\/v2\/media\/48339"}],"wp:attachment":[{"href":"https:\/\/diadianoticias.com.br\/index.php?rest_route=%2Fwp%2Fv2%2Fmedia&parent=48338"}],"wp:term":[{"taxonomy":"category","embeddable":true,"href":"https:\/\/diadianoticias.com.br\/index.php?rest_route=%2Fwp%2Fv2%2Fcategories&post=48338"},{"taxonomy":"post_tag","embeddable":true,"href":"https:\/\/diadianoticias.com.br\/index.php?rest_route=%2Fwp%2Fv2%2Ftags&post=48338"}],"curies":[{"name":"wp","href":"https:\/\/api.w.org\/{rel}","templated":true}]}}