{"id":48294,"date":"2023-06-21T19:40:49","date_gmt":"2023-06-21T19:40:49","guid":{"rendered":"https:\/\/diadianoticias.com.br\/?p=48294"},"modified":"2023-06-21T19:40:51","modified_gmt":"2023-06-21T19:40:51","slug":"complexo-desportivo-vereador-benedito-rotta-recebe-revitalizacao","status":"publish","type":"post","link":"https:\/\/diadianoticias.com.br\/?p=48294","title":{"rendered":"COMPLEXO DESPORTIVO VEREADOR BENEDITO ROTTA RECEBE REVITALIZA\u00c7\u00c3O"},"content":{"rendered":"\n<p>O Complexo Desportivo Vereador Benedito Rotta (Vila 7) passou por obras de revitaliza\u00e7\u00e3o. O espa\u00e7o, utilizado por praticantes de futsal, basquete, v\u00f4lei e dan\u00e7a, recebeu, nesta ter\u00e7a-feira (20), pela primeira vez, o novo grupo do Juventude Acumulada. Os idosos puderam desfrutar das benfeitorias, enquanto praticavam atividades f\u00edsicas.<\/p>\n\n\n\n<p>A reforma contemplou a pintura interna e externa, novo cal\u00e7amento no entorno do gin\u00e1sio e melhorias nos<strong>&nbsp;<\/strong>banheiros masculino e feminino, com troca de piso, vasos, espelhos, bancadas, torneiras e instala\u00e7\u00f5es hidr\u00e1ulicas. O valor total investido foi de R$ 81.951,68, de recursos pr\u00f3prios do munic\u00edpio, sendo R$ 20 mil de emenda impositiva do vereador Rodrigo Enfermeiro.<\/p>\n\n\n\n<p>\u201cAgrade\u00e7o ao edil pela aten\u00e7\u00e3o dedicada ao esporte. Sabemos que a pr\u00e1tica esportiva traz in\u00fameros benef\u00edcios, especialmente para a sa\u00fade, condicionamento f\u00edsico e redu\u00e7\u00e3o do estresse. Com esta revitaliza\u00e7\u00e3o, o complexo est\u00e1 apto para receber atividades, com seguran\u00e7a e conforto\u201d, ressaltou o secret\u00e1rio municipal de Esporte e Lazer, Lucas Meira, representando o prefeito, Marco Franzato.<\/p>\n\n\n\n<p>Conforme a coordenadora do Juventude Acumulada, Cleide Cadan, \u201co novo grupo j\u00e1 possui 35 participantes e conta com uma lista de espera de 30 idosos, que passar\u00e3o a frequentar o projeto no segundo semestre. As atividades no Benedito Rotta s\u00e3o \u00e0s ter\u00e7as-feiras, das 8h30 \u00e0s 9h30\u201d, explicou.<\/p>\n\n\n\n<p><br>Fonte: Secretaria Municipal de Comunica\u00e7\u00e3o Social<\/p>\n","protected":false},"excerpt":{"rendered":"<div class=\"mh-excerpt\"><p>O Complexo Desportivo Vereador Benedito Rotta (Vila 7) passou por obras de revitaliza\u00e7\u00e3o. O espa\u00e7o, utilizado por praticantes de futsal, basquete, v\u00f4lei e dan\u00e7a, recebeu, nesta ter\u00e7a-feira (20), pela primeira vez, o novo grupo do <a class=\"mh-excerpt-more\" href=\"https:\/\/diadianoticias.com.br\/?p=48294\" title=\"COMPLEXO DESPORTIVO VEREADOR BENEDITO ROTTA RECEBE REVITALIZA\u00c7\u00c3O\">[&#8230;]<\/a><\/p>\n<\/div>","protected":false},"author":4,"featured_media":48295,"comment_status":"open","ping_status":"open","sticky":false,"template":"","format":"standard","meta":{"footnotes":""},"categories":[32,23],"tags":[],"class_list":{"0":"post-48294","1":"post","2":"type-post","3":"status-publish","4":"format-standard","5":"has-post-thumbnail","7":"category-destaque","8":"category-local"},"_links":{"self":[{"href":"https:\/\/diadianoticias.com.br\/index.php?rest_route=\/wp\/v2\/posts\/48294","targetHints":{"allow":["GET"]}}],"collection":[{"href":"https:\/\/diadianoticias.com.br\/index.php?rest_route=\/wp\/v2\/posts"}],"about":[{"href":"https:\/\/diadianoticias.com.br\/index.php?rest_route=\/wp\/v2\/types\/post"}],"author":[{"embeddable":true,"href":"https:\/\/diadianoticias.com.br\/index.php?rest_route=\/wp\/v2\/users\/4"}],"replies":[{"embeddable":true,"href":"https:\/\/diadianoticias.com.br\/index.php?rest_route=%2Fwp%2Fv2%2Fcomments&post=48294"}],"version-history":[{"count":1,"href":"https:\/\/diadianoticias.com.br\/index.php?rest_route=\/wp\/v2\/posts\/48294\/revisions"}],"predecessor-version":[{"id":48296,"href":"https:\/\/diadianoticias.com.br\/index.php?rest_route=\/wp\/v2\/posts\/48294\/revisions\/48296"}],"wp:featuredmedia":[{"embeddable":true,"href":"https:\/\/diadianoticias.com.br\/index.php?rest_route=\/wp\/v2\/media\/48295"}],"wp:attachment":[{"href":"https:\/\/diadianoticias.com.br\/index.php?rest_route=%2Fwp%2Fv2%2Fmedia&parent=48294"}],"wp:term":[{"taxonomy":"category","embeddable":true,"href":"https:\/\/diadianoticias.com.br\/index.php?rest_route=%2Fwp%2Fv2%2Fcategories&post=48294"},{"taxonomy":"post_tag","embeddable":true,"href":"https:\/\/diadianoticias.com.br\/index.php?rest_route=%2Fwp%2Fv2%2Ftags&post=48294"}],"curies":[{"name":"wp","href":"https:\/\/api.w.org\/{rel}","templated":true}]}}