{"id":48229,"date":"2023-05-08T18:07:25","date_gmt":"2023-05-08T18:07:25","guid":{"rendered":"https:\/\/diadianoticias.com.br\/?p=48229"},"modified":"2023-05-08T18:07:28","modified_gmt":"2023-05-08T18:07:28","slug":"motorista-de-carro-morre-em-colisao-frontal-com-caminhao-na-pr-323-entre-cianorte-e-tapejara","status":"publish","type":"post","link":"https:\/\/diadianoticias.com.br\/?p=48229","title":{"rendered":"MOTORISTA DE CARRO MORRE EM COLIS\u00c3O FRONTAL COM CAMINH\u00c3O NA PR-323, ENTRE CIANORTE E TAPEJARA"},"content":{"rendered":"\n<p>Uma colis\u00e3o entre um carro e um caminh\u00e3o, no in\u00edcio da tarde dessa segunda-feira (08), deixou uma pessoa em \u00f3bito. O acidente aconteceu por volta das 12h40, na rodovia PR-323, pr\u00f3ximo ao trevo de Marab\u00e1.<\/p>\n\n\n\n<p>Este foi o terceiro acidente seguido, atendido pelas equipes de socorro do Corpo de Bombeiros e Samu de Cianorte. Na ocasi\u00e3o, as equipes do Corpo de Bombeiros estavam em um capotamento ocorrido na mesma rodovia, quando foram avisados por um caminhoneiro da colis\u00e3o frontal.<\/p>\n\n\n\n<p>Segundo as informa\u00e7\u00f5es, o ve\u00edculo Fiat Argo, com placas de Belo Horizonte-MG, seguia pela referida rodovia no sentido Tapejara a Cianorte, momento em que o condutor perdeu o controle da dire\u00e7\u00e3o, colidindo frontalmente com um caminh\u00e3o, com placas de Campo Mour\u00e3o-PR. Ao chegarem no local, os socorristas encontraram o motorista do carro, um Fiat Argo, com placas de Belo Horizonte-MG, preso \u00e0s ferragens. Depois dos procedimentos adotados, a v\u00edtima foi retirada do carro.<\/p>\n\n\n\n<p>Diante da situa\u00e7\u00e3o, foi acionado as equipes do IML e Criminal\u00edstica para libera\u00e7\u00e3o e encaminhamento do corpo para exames. Policiais Rodovi\u00e1rios estiveram no local para apurar as circunst\u00e2ncias do acidente.<\/p>\n\n\n\n<p>Fonte &#8211; Not\u00edcia Cianorte e Regi\u00e3o<\/p>\n","protected":false},"excerpt":{"rendered":"<div class=\"mh-excerpt\"><p>Uma colis\u00e3o entre um carro e um caminh\u00e3o, no in\u00edcio da tarde dessa segunda-feira (08), deixou uma pessoa em \u00f3bito. O acidente aconteceu por volta das 12h40, na rodovia PR-323, pr\u00f3ximo ao trevo de Marab\u00e1. <a class=\"mh-excerpt-more\" href=\"https:\/\/diadianoticias.com.br\/?p=48229\" title=\"MOTORISTA DE CARRO MORRE EM COLIS\u00c3O FRONTAL COM CAMINH\u00c3O NA PR-323, ENTRE CIANORTE E TAPEJARA\">[&#8230;]<\/a><\/p>\n<\/div>","protected":false},"author":4,"featured_media":48230,"comment_status":"open","ping_status":"open","sticky":false,"template":"","format":"standard","meta":{"footnotes":""},"categories":[32,5],"tags":[],"class_list":{"0":"post-48229","1":"post","2":"type-post","3":"status-publish","4":"format-standard","5":"has-post-thumbnail","7":"category-destaque","8":"category-policiais"},"_links":{"self":[{"href":"https:\/\/diadianoticias.com.br\/index.php?rest_route=\/wp\/v2\/posts\/48229","targetHints":{"allow":["GET"]}}],"collection":[{"href":"https:\/\/diadianoticias.com.br\/index.php?rest_route=\/wp\/v2\/posts"}],"about":[{"href":"https:\/\/diadianoticias.com.br\/index.php?rest_route=\/wp\/v2\/types\/post"}],"author":[{"embeddable":true,"href":"https:\/\/diadianoticias.com.br\/index.php?rest_route=\/wp\/v2\/users\/4"}],"replies":[{"embeddable":true,"href":"https:\/\/diadianoticias.com.br\/index.php?rest_route=%2Fwp%2Fv2%2Fcomments&post=48229"}],"version-history":[{"count":1,"href":"https:\/\/diadianoticias.com.br\/index.php?rest_route=\/wp\/v2\/posts\/48229\/revisions"}],"predecessor-version":[{"id":48231,"href":"https:\/\/diadianoticias.com.br\/index.php?rest_route=\/wp\/v2\/posts\/48229\/revisions\/48231"}],"wp:featuredmedia":[{"embeddable":true,"href":"https:\/\/diadianoticias.com.br\/index.php?rest_route=\/wp\/v2\/media\/48230"}],"wp:attachment":[{"href":"https:\/\/diadianoticias.com.br\/index.php?rest_route=%2Fwp%2Fv2%2Fmedia&parent=48229"}],"wp:term":[{"taxonomy":"category","embeddable":true,"href":"https:\/\/diadianoticias.com.br\/index.php?rest_route=%2Fwp%2Fv2%2Fcategories&post=48229"},{"taxonomy":"post_tag","embeddable":true,"href":"https:\/\/diadianoticias.com.br\/index.php?rest_route=%2Fwp%2Fv2%2Ftags&post=48229"}],"curies":[{"name":"wp","href":"https:\/\/api.w.org\/{rel}","templated":true}]}}