{"id":47842,"date":"2022-11-29T15:10:36","date_gmt":"2022-11-29T15:10:36","guid":{"rendered":"https:\/\/diadianoticias.com.br\/?p=47842"},"modified":"2022-11-29T15:10:38","modified_gmt":"2022-11-29T15:10:38","slug":"pm-prende-tres-homens-procurados-pela-justica","status":"publish","type":"post","link":"https:\/\/diadianoticias.com.br\/?p=47842","title":{"rendered":"PM prende tr\u00eas homens procurados pela justi\u00e7a"},"content":{"rendered":"\n<p>Tr\u00eas homens procurados pela Justi\u00e7a foram presos pela Pol\u00edcia Militar, nessa segunda-feira (28), em situa\u00e7\u00f5es distintas, em Campo Mour\u00e3o. A primeira ocorr\u00eancia foi registrada por volta das 8h45, na rua santa Catarina, regi\u00e3o central da cidade.<\/p>\n\n\n\n<p>Ap\u00f3s abordarem um homem j\u00e1 conhecido no meio policial, a equipe constatou um mandado em aberto. O segundo homem foi preso cerca de 1 hora depois, na rua Rubens Vaz, no Jardim Fernando. Uma equipe da PM realizou abordagem a um grupo de pessoas em frente a um bar e constatou que um deles tinha em seu desfavor um mandado de pris\u00e3o expedido pela Justi\u00e7a de Cruzeiro do Oeste.<\/p>\n\n\n\n<p>J\u00e1 durante a noite, por volta das 21h, a equipe Rocam abordou um homem com algumas por\u00e7\u00f5es de crack e maconha. Na sequ\u00eancia foi verificado que tamb\u00e9m era procurado pela Justi\u00e7a. Todas as ocorr\u00eancias foram conduzidas para a delegacia de Pol\u00edcia Civil de Campo Mour\u00e3o.<\/p>\n\n\n\n<p><em>Com informa\u00e7\u00f5es: Comunica\u00e7\u00e3o Social 11\u00ba BPM<\/em><\/p>\n\n\n\n<p>(Fonte: tasabendo.com.br)<\/p>\n","protected":false},"excerpt":{"rendered":"<div class=\"mh-excerpt\"><p>Tr\u00eas homens procurados pela Justi\u00e7a foram presos pela Pol\u00edcia Militar, nessa segunda-feira (28), em situa\u00e7\u00f5es distintas, em Campo Mour\u00e3o. A primeira ocorr\u00eancia foi registrada por volta das 8h45, na rua santa Catarina, regi\u00e3o central da <a class=\"mh-excerpt-more\" href=\"https:\/\/diadianoticias.com.br\/?p=47842\" title=\"PM prende tr\u00eas homens procurados pela justi\u00e7a\">[&#8230;]<\/a><\/p>\n<\/div>","protected":false},"author":4,"featured_media":47843,"comment_status":"open","ping_status":"open","sticky":false,"template":"","format":"standard","meta":{"footnotes":""},"categories":[32,14],"tags":[],"class_list":{"0":"post-47842","1":"post","2":"type-post","3":"status-publish","4":"format-standard","5":"has-post-thumbnail","7":"category-destaque","8":"category-paran"},"_links":{"self":[{"href":"https:\/\/diadianoticias.com.br\/index.php?rest_route=\/wp\/v2\/posts\/47842","targetHints":{"allow":["GET"]}}],"collection":[{"href":"https:\/\/diadianoticias.com.br\/index.php?rest_route=\/wp\/v2\/posts"}],"about":[{"href":"https:\/\/diadianoticias.com.br\/index.php?rest_route=\/wp\/v2\/types\/post"}],"author":[{"embeddable":true,"href":"https:\/\/diadianoticias.com.br\/index.php?rest_route=\/wp\/v2\/users\/4"}],"replies":[{"embeddable":true,"href":"https:\/\/diadianoticias.com.br\/index.php?rest_route=%2Fwp%2Fv2%2Fcomments&post=47842"}],"version-history":[{"count":1,"href":"https:\/\/diadianoticias.com.br\/index.php?rest_route=\/wp\/v2\/posts\/47842\/revisions"}],"predecessor-version":[{"id":47844,"href":"https:\/\/diadianoticias.com.br\/index.php?rest_route=\/wp\/v2\/posts\/47842\/revisions\/47844"}],"wp:featuredmedia":[{"embeddable":true,"href":"https:\/\/diadianoticias.com.br\/index.php?rest_route=\/wp\/v2\/media\/47843"}],"wp:attachment":[{"href":"https:\/\/diadianoticias.com.br\/index.php?rest_route=%2Fwp%2Fv2%2Fmedia&parent=47842"}],"wp:term":[{"taxonomy":"category","embeddable":true,"href":"https:\/\/diadianoticias.com.br\/index.php?rest_route=%2Fwp%2Fv2%2Fcategories&post=47842"},{"taxonomy":"post_tag","embeddable":true,"href":"https:\/\/diadianoticias.com.br\/index.php?rest_route=%2Fwp%2Fv2%2Ftags&post=47842"}],"curies":[{"name":"wp","href":"https:\/\/api.w.org\/{rel}","templated":true}]}}