{"id":47788,"date":"2022-11-23T17:33:00","date_gmt":"2022-11-23T17:33:00","guid":{"rendered":"https:\/\/diadianoticias.com.br\/?p=47788"},"modified":"2025-05-16T19:53:26","modified_gmt":"2025-05-16T19:53:26","slug":"motocicleta-e-furtada-da-garagem-de-residencia","status":"publish","type":"post","link":"https:\/\/diadianoticias.com.br\/?p=47788","title":{"rendered":"Motocicleta \u00e9 furtada da garagem de resid\u00eancia"},"content":{"rendered":"\n<p>Uma motocicleta Honda, modelo PCS 150, foi furtada na noite dessa ter\u00e7a-feira, da garagem de uma resid\u00eancia, na Avenida Afonso Botelho, em Campo Mour\u00e3o.<\/p>\n\n\n\n<p>O propriet\u00e1rio relatou que deixou a moto com a chave e capacete, estacionada da garagem de sua resid\u00eancia, por volta das 18h, e ao acordar, por volta das 7h, visualizou o port\u00e3o parcialmente aberto e o ve\u00edculo n\u00e3o se encontrava mais no local.<\/p>\n\n\n\n<p>(Fonte: tasabendo.com.br)<\/p>\n","protected":false},"excerpt":{"rendered":"<div class=\"mh-excerpt\"><p>Uma motocicleta Honda, modelo PCS 150, foi furtada na noite dessa ter\u00e7a-feira, da garagem de uma resid\u00eancia, na Avenida Afonso Botelho, em Campo Mour\u00e3o. O propriet\u00e1rio relatou que deixou a moto com a chave e <a class=\"mh-excerpt-more\" href=\"https:\/\/diadianoticias.com.br\/?p=47788\" title=\"Motocicleta \u00e9 furtada da garagem de resid\u00eancia\">[&#8230;]<\/a><\/p>\n<\/div>","protected":false},"author":4,"featured_media":47789,"comment_status":"open","ping_status":"open","sticky":false,"template":"","format":"standard","meta":{"footnotes":""},"categories":[11],"tags":[],"class_list":{"0":"post-47788","1":"post","2":"type-post","3":"status-publish","4":"format-standard","5":"has-post-thumbnail","7":"category-diversas"},"_links":{"self":[{"href":"https:\/\/diadianoticias.com.br\/index.php?rest_route=\/wp\/v2\/posts\/47788","targetHints":{"allow":["GET"]}}],"collection":[{"href":"https:\/\/diadianoticias.com.br\/index.php?rest_route=\/wp\/v2\/posts"}],"about":[{"href":"https:\/\/diadianoticias.com.br\/index.php?rest_route=\/wp\/v2\/types\/post"}],"author":[{"embeddable":true,"href":"https:\/\/diadianoticias.com.br\/index.php?rest_route=\/wp\/v2\/users\/4"}],"replies":[{"embeddable":true,"href":"https:\/\/diadianoticias.com.br\/index.php?rest_route=%2Fwp%2Fv2%2Fcomments&post=47788"}],"version-history":[{"count":1,"href":"https:\/\/diadianoticias.com.br\/index.php?rest_route=\/wp\/v2\/posts\/47788\/revisions"}],"predecessor-version":[{"id":47790,"href":"https:\/\/diadianoticias.com.br\/index.php?rest_route=\/wp\/v2\/posts\/47788\/revisions\/47790"}],"wp:featuredmedia":[{"embeddable":true,"href":"https:\/\/diadianoticias.com.br\/index.php?rest_route=\/wp\/v2\/media\/47789"}],"wp:attachment":[{"href":"https:\/\/diadianoticias.com.br\/index.php?rest_route=%2Fwp%2Fv2%2Fmedia&parent=47788"}],"wp:term":[{"taxonomy":"category","embeddable":true,"href":"https:\/\/diadianoticias.com.br\/index.php?rest_route=%2Fwp%2Fv2%2Fcategories&post=47788"},{"taxonomy":"post_tag","embeddable":true,"href":"https:\/\/diadianoticias.com.br\/index.php?rest_route=%2Fwp%2Fv2%2Ftags&post=47788"}],"curies":[{"name":"wp","href":"https:\/\/api.w.org\/{rel}","templated":true}]}}