{"id":47710,"date":"2022-11-14T18:44:31","date_gmt":"2022-11-14T18:44:31","guid":{"rendered":"https:\/\/diadianoticias.com.br\/?p=47710"},"modified":"2025-05-16T19:53:29","modified_gmt":"2025-05-16T19:53:29","slug":"suspeito-de-causar-incendio-com-morte-em-maringa-confessa-o-crime-diz-policia","status":"publish","type":"post","link":"https:\/\/diadianoticias.com.br\/?p=47710","title":{"rendered":"Suspeito de causar inc\u00eandio com morte em Maring\u00e1 confessa o crime, diz pol\u00edcia"},"content":{"rendered":"\n<p>O homem suspeito de ter causado um\u00a0inc\u00eandio em uma resid\u00eancia, na Zona 7, em Maring\u00e1, foi preso ainda nesse domingo, 13. Ele foi abordado na Avenida Colombo, sentido Sarandi, para onde estava indo a p\u00e9, segundo a Pol\u00edcia Civil.<\/p>\n\n\n\n<p>O inc\u00eandio matou uma mulher e ao menos tr\u00eas pessoas ficaram feridas, uma delas precisou ser entubada e outra estaria gr\u00e1vida. A casa fica na Rua Tiet\u00ea, onde funcionava um pensionato. A resid\u00eancia era de madeira e foi totalmente destru\u00edda pelas chamas.<br><\/p>\n\n\n\n<p>De acordo com informa\u00e7\u00f5es da Pol\u00edcia Civil, o suspeito por causar o inc\u00eandio em Maring\u00e1 foi abordado pelo respons\u00e1vel do im\u00f3vel e encaminhado \u00e0 delegacia pela Pol\u00edcia Militar. O suspeito, de 41 anos, foi preso em flagrante por inc\u00eandio doloso com as qualificadoras da ocorr\u00eancia de morte e les\u00f5es corporais graves.<\/p>\n\n\n\n<p>Na delegacia, o suspeito confessou ser o autor do crime e disse que n\u00e3o tinha inten\u00e7\u00e3o de matar, segundo a Pol\u00edcia Civil. Ele disse que pretendia \u201cdar um susto\u201d em outro usu\u00e1rio de drogas. Isso porque, de acordo com a pol\u00edcia, ele teria repassado dinheiro ao usu\u00e1rio para comprar crack, mas o homem teria sumido com o dinheiro dele.<\/p>\n\n\n\n<p>O suspeito n\u00e3o tem antecedentes criminais, segundo a pol\u00edcia.<\/p>\n\n\n\n<p>(Fonte &#8211; gmconline.com.br)<\/p>\n","protected":false},"excerpt":{"rendered":"<div class=\"mh-excerpt\"><p>O homem suspeito de ter causado um\u00a0inc\u00eandio em uma resid\u00eancia, na Zona 7, em Maring\u00e1, foi preso ainda nesse domingo, 13. Ele foi abordado na Avenida Colombo, sentido Sarandi, para onde estava indo a p\u00e9, <a class=\"mh-excerpt-more\" href=\"https:\/\/diadianoticias.com.br\/?p=47710\" title=\"Suspeito de causar inc\u00eandio com morte em Maring\u00e1 confessa o crime, diz pol\u00edcia\">[&#8230;]<\/a><\/p>\n<\/div>","protected":false},"author":4,"featured_media":47711,"comment_status":"open","ping_status":"open","sticky":false,"template":"","format":"standard","meta":{"footnotes":""},"categories":[11],"tags":[],"class_list":{"0":"post-47710","1":"post","2":"type-post","3":"status-publish","4":"format-standard","5":"has-post-thumbnail","7":"category-diversas"},"_links":{"self":[{"href":"https:\/\/diadianoticias.com.br\/index.php?rest_route=\/wp\/v2\/posts\/47710","targetHints":{"allow":["GET"]}}],"collection":[{"href":"https:\/\/diadianoticias.com.br\/index.php?rest_route=\/wp\/v2\/posts"}],"about":[{"href":"https:\/\/diadianoticias.com.br\/index.php?rest_route=\/wp\/v2\/types\/post"}],"author":[{"embeddable":true,"href":"https:\/\/diadianoticias.com.br\/index.php?rest_route=\/wp\/v2\/users\/4"}],"replies":[{"embeddable":true,"href":"https:\/\/diadianoticias.com.br\/index.php?rest_route=%2Fwp%2Fv2%2Fcomments&post=47710"}],"version-history":[{"count":1,"href":"https:\/\/diadianoticias.com.br\/index.php?rest_route=\/wp\/v2\/posts\/47710\/revisions"}],"predecessor-version":[{"id":47712,"href":"https:\/\/diadianoticias.com.br\/index.php?rest_route=\/wp\/v2\/posts\/47710\/revisions\/47712"}],"wp:featuredmedia":[{"embeddable":true,"href":"https:\/\/diadianoticias.com.br\/index.php?rest_route=\/wp\/v2\/media\/47711"}],"wp:attachment":[{"href":"https:\/\/diadianoticias.com.br\/index.php?rest_route=%2Fwp%2Fv2%2Fmedia&parent=47710"}],"wp:term":[{"taxonomy":"category","embeddable":true,"href":"https:\/\/diadianoticias.com.br\/index.php?rest_route=%2Fwp%2Fv2%2Fcategories&post=47710"},{"taxonomy":"post_tag","embeddable":true,"href":"https:\/\/diadianoticias.com.br\/index.php?rest_route=%2Fwp%2Fv2%2Ftags&post=47710"}],"curies":[{"name":"wp","href":"https:\/\/api.w.org\/{rel}","templated":true}]}}