{"id":47579,"date":"2022-10-28T16:04:45","date_gmt":"2022-10-28T16:04:45","guid":{"rendered":"https:\/\/diadianoticias.com.br\/?p=47579"},"modified":"2022-10-28T16:04:47","modified_gmt":"2022-10-28T16:04:47","slug":"tarde-dos-idosos-oferece-servicos-e-diversao-para-a-terceira-idade","status":"publish","type":"post","link":"https:\/\/diadianoticias.com.br\/?p=47579","title":{"rendered":"Tarde dos idosos oferece servi\u00e7os e divers\u00e3o para a terceira idade"},"content":{"rendered":"\n<p>O tempo chuvoso n\u00e3o impediu que os integrantes dos grupos dos Servi\u00e7os de Conviv\u00eancia e Fortalecimento de V\u00ednculos de Cianorte e dos distritos de Vidigal e S\u00e3o Louren\u00e7o, bem como as moradoras do Lar dos Velhinhos, tivessem momentos divertidos nesta quinta-feira (27). Isto, porque, a Tarde dos Idosos, inicialmente marcada para acontecer na Pra\u00e7a Raposo Tavares, foi transferida para a sede do Grupo da Terceira Idade.<\/p>\n\n\n\n<p>\u201cOutubro \u00e9 considerado o m\u00eas do idoso. Pensamos nessa programa\u00e7\u00e3o com m\u00fasica, alongamento, servi\u00e7os de est\u00e9tica e lanche para refor\u00e7ar a import\u00e2ncia dos cuidados e valorizar aqueles que j\u00e1 passaram dos 60 anos\u201d, comentou a presidente do Conselho Municipal dos Direitos da Pessoa Idosa, Nilza Aparecida dos Santos, agradecendo aos parceiros: Prefeitura de Cianorte, por meio da Secretaria de Assist\u00eancia Social; curso de Est\u00e9tica e Cosm\u00e9tica da Unipar; sanfoneiro Nadu Rocha; e o instrutor t\u00e9cnico desportivo, Gleizer Martins.<\/p>\n\n\n\n<p>Representando a C\u00e2mara Municipal, o vereador Pastor Dejair, comentou sobre o trabalho que tem realizado. \u201cEm menos de dois anos de gest\u00e3o, j\u00e1 propus tr\u00eas projetos de lei em prol da sa\u00fade e bem-estar da terceira idade. Entre eles, o que institui a Semana Municipal do Idoso, a ser comemorada anualmente na primeira semana do m\u00eas de outubro\u201d, revelou.<\/p>\n\n\n\n<p>\u201cO objetivo da a\u00e7\u00e3o \u00e9 valorizar nossos idosos e promover a intera\u00e7\u00e3o com a sociedade. A chuva nos levou a trocar o local do evento, mas n\u00e3o foi empecilho para uma tarde agrad\u00e1vel e divertida\u201d, comemorou a secret\u00e1ria da pasta, Aline Rosa Kist.<br><br>Fonte\/Ag\u00eancia: Secretaria de Comunica\u00e7\u00e3o Social<\/p>\n","protected":false},"excerpt":{"rendered":"<div class=\"mh-excerpt\"><p>O tempo chuvoso n\u00e3o impediu que os integrantes dos grupos dos Servi\u00e7os de Conviv\u00eancia e Fortalecimento de V\u00ednculos de Cianorte e dos distritos de Vidigal e S\u00e3o Louren\u00e7o, bem como as moradoras do Lar dos <a class=\"mh-excerpt-more\" href=\"https:\/\/diadianoticias.com.br\/?p=47579\" title=\"Tarde dos idosos oferece servi\u00e7os e divers\u00e3o para a terceira idade\">[&#8230;]<\/a><\/p>\n<\/div>","protected":false},"author":4,"featured_media":47580,"comment_status":"open","ping_status":"open","sticky":false,"template":"","format":"standard","meta":{"footnotes":""},"categories":[32,23],"tags":[],"class_list":{"0":"post-47579","1":"post","2":"type-post","3":"status-publish","4":"format-standard","5":"has-post-thumbnail","7":"category-destaque","8":"category-local"},"_links":{"self":[{"href":"https:\/\/diadianoticias.com.br\/index.php?rest_route=\/wp\/v2\/posts\/47579","targetHints":{"allow":["GET"]}}],"collection":[{"href":"https:\/\/diadianoticias.com.br\/index.php?rest_route=\/wp\/v2\/posts"}],"about":[{"href":"https:\/\/diadianoticias.com.br\/index.php?rest_route=\/wp\/v2\/types\/post"}],"author":[{"embeddable":true,"href":"https:\/\/diadianoticias.com.br\/index.php?rest_route=\/wp\/v2\/users\/4"}],"replies":[{"embeddable":true,"href":"https:\/\/diadianoticias.com.br\/index.php?rest_route=%2Fwp%2Fv2%2Fcomments&post=47579"}],"version-history":[{"count":1,"href":"https:\/\/diadianoticias.com.br\/index.php?rest_route=\/wp\/v2\/posts\/47579\/revisions"}],"predecessor-version":[{"id":47581,"href":"https:\/\/diadianoticias.com.br\/index.php?rest_route=\/wp\/v2\/posts\/47579\/revisions\/47581"}],"wp:featuredmedia":[{"embeddable":true,"href":"https:\/\/diadianoticias.com.br\/index.php?rest_route=\/wp\/v2\/media\/47580"}],"wp:attachment":[{"href":"https:\/\/diadianoticias.com.br\/index.php?rest_route=%2Fwp%2Fv2%2Fmedia&parent=47579"}],"wp:term":[{"taxonomy":"category","embeddable":true,"href":"https:\/\/diadianoticias.com.br\/index.php?rest_route=%2Fwp%2Fv2%2Fcategories&post=47579"},{"taxonomy":"post_tag","embeddable":true,"href":"https:\/\/diadianoticias.com.br\/index.php?rest_route=%2Fwp%2Fv2%2Ftags&post=47579"}],"curies":[{"name":"wp","href":"https:\/\/api.w.org\/{rel}","templated":true}]}}