{"id":47561,"date":"2022-10-27T19:02:05","date_gmt":"2022-10-27T19:02:05","guid":{"rendered":"https:\/\/diadianoticias.com.br\/?p=47561"},"modified":"2022-10-27T19:02:07","modified_gmt":"2022-10-27T19:02:07","slug":"bebe-sofre-queimaduras-graves-em-araruna-apos-panela-de-pressao-estourar","status":"publish","type":"post","link":"https:\/\/diadianoticias.com.br\/?p=47561","title":{"rendered":"Beb\u00ea sofre queimaduras graves em Araruna ap\u00f3s panela de press\u00e3o estourar"},"content":{"rendered":"\n<div class=\"wp-block-image\"><figure class=\"aligncenter size-full\"><a href=\"https:\/\/diadianoticias.com.br\/wp-content\/uploads\/2022\/10\/foto253.jpg\"><img loading=\"lazy\" decoding=\"async\" width=\"1024\" height=\"684\" src=\"https:\/\/diadianoticias.com.br\/wp-content\/uploads\/2022\/10\/foto253.jpg\" alt=\"\" class=\"wp-image-47562\" srcset=\"https:\/\/diadianoticias.com.br\/wp-content\/uploads\/2022\/10\/foto253.jpg 1024w, https:\/\/diadianoticias.com.br\/wp-content\/uploads\/2022\/10\/foto253-300x200.jpg 300w, https:\/\/diadianoticias.com.br\/wp-content\/uploads\/2022\/10\/foto253-768x513.jpg 768w\" sizes=\"auto, (max-width: 1024px) 100vw, 1024px\" \/><\/a><\/figure><\/div>\n\n\n\n<p>Um beb\u00ea de 1 ano ficou gravemente ferido ap\u00f3s a explos\u00e3o de uma panela de press\u00e3o, na cidade de Araruna. O incidente ocorreu no fim da manh\u00e3 desta quinta-feira (27).<br>A m\u00e3e relatou que o filho estava engatinhando na cozinha quando a panela acabou estourando, causando o derramamento do l\u00edquido quente sobre a crian\u00e7a, principalmente na regi\u00e3o do rosto.<\/p>\n\n\n\n<p>A unidade aerom\u00e9dica do Samu foi acionada e prestou apoio \u00e0 ocorr\u00eancia, transportando a v\u00edtima de aeronave at\u00e9 o Hospital Universit\u00e1rio (HU) de Maring\u00e1. De acordo com o m\u00e9dico Maur\u00edcio Lemos, da equipe a\u00e9rea, o estado de sa\u00fade do beb\u00ea \u00e9 preocupante.<\/p>\n\n\n\n<p>\u201cA crian\u00e7a inalou o vapor quente e teve s\u00e9rias queimaduras nessa \u00e1rea que inflama com rapidez e pode levar o paciente a morte. O beb\u00ea j\u00e1 apresentava insufici\u00eancia respirat\u00f3ria. Tivemos pouco tempo para agir. Mas, gra\u00e7as a Deus, conseguimos estabilizar e traz\u00ea-lo ao hospital\u201d, explicou Lemos.<\/p>\n\n\n\n<p>O beb\u00ea foi internado na UTI do HU. A central de leitos do Paran\u00e1 j\u00e1 foi avisada e a crian\u00e7a agora est\u00e1 na fila de espera para a transfer\u00eancia \u00e0 unidade especializada para tratamento. O Paran\u00e1 tem duas unidades refer\u00eancias: uma \u00e9 a ala de queimados do Hospital Universit\u00e1rio de Londrina e a outra fica em Curitiba.<br>(Fonte: gmconline.com.br)<\/p>\n","protected":false},"excerpt":{"rendered":"<div class=\"mh-excerpt\"><p>Um beb\u00ea de 1 ano ficou gravemente ferido ap\u00f3s a explos\u00e3o de uma panela de press\u00e3o, na cidade de Araruna. O incidente ocorreu no fim da manh\u00e3 desta quinta-feira (27).A m\u00e3e relatou que o filho <a class=\"mh-excerpt-more\" href=\"https:\/\/diadianoticias.com.br\/?p=47561\" title=\"Beb\u00ea sofre queimaduras graves em Araruna ap\u00f3s panela de press\u00e3o estourar\">[&#8230;]<\/a><\/p>\n<\/div>","protected":false},"author":4,"featured_media":47562,"comment_status":"open","ping_status":"open","sticky":false,"template":"","format":"standard","meta":{"footnotes":""},"categories":[32,14],"tags":[],"class_list":{"0":"post-47561","1":"post","2":"type-post","3":"status-publish","4":"format-standard","5":"has-post-thumbnail","7":"category-destaque","8":"category-paran"},"_links":{"self":[{"href":"https:\/\/diadianoticias.com.br\/index.php?rest_route=\/wp\/v2\/posts\/47561","targetHints":{"allow":["GET"]}}],"collection":[{"href":"https:\/\/diadianoticias.com.br\/index.php?rest_route=\/wp\/v2\/posts"}],"about":[{"href":"https:\/\/diadianoticias.com.br\/index.php?rest_route=\/wp\/v2\/types\/post"}],"author":[{"embeddable":true,"href":"https:\/\/diadianoticias.com.br\/index.php?rest_route=\/wp\/v2\/users\/4"}],"replies":[{"embeddable":true,"href":"https:\/\/diadianoticias.com.br\/index.php?rest_route=%2Fwp%2Fv2%2Fcomments&post=47561"}],"version-history":[{"count":1,"href":"https:\/\/diadianoticias.com.br\/index.php?rest_route=\/wp\/v2\/posts\/47561\/revisions"}],"predecessor-version":[{"id":47563,"href":"https:\/\/diadianoticias.com.br\/index.php?rest_route=\/wp\/v2\/posts\/47561\/revisions\/47563"}],"wp:featuredmedia":[{"embeddable":true,"href":"https:\/\/diadianoticias.com.br\/index.php?rest_route=\/wp\/v2\/media\/47562"}],"wp:attachment":[{"href":"https:\/\/diadianoticias.com.br\/index.php?rest_route=%2Fwp%2Fv2%2Fmedia&parent=47561"}],"wp:term":[{"taxonomy":"category","embeddable":true,"href":"https:\/\/diadianoticias.com.br\/index.php?rest_route=%2Fwp%2Fv2%2Fcategories&post=47561"},{"taxonomy":"post_tag","embeddable":true,"href":"https:\/\/diadianoticias.com.br\/index.php?rest_route=%2Fwp%2Fv2%2Ftags&post=47561"}],"curies":[{"name":"wp","href":"https:\/\/api.w.org\/{rel}","templated":true}]}}