{"id":47241,"date":"2022-09-29T20:52:27","date_gmt":"2022-09-29T20:52:27","guid":{"rendered":"https:\/\/diadianoticias.com.br\/?p=47241"},"modified":"2022-09-29T20:52:39","modified_gmt":"2022-09-29T20:52:39","slug":"brasil-gera-2786-mil-empregos-formais-em-agosto-diz-caged","status":"publish","type":"post","link":"https:\/\/diadianoticias.com.br\/?p=47241","title":{"rendered":"Brasil gera 278,6 mil empregos formais em agosto, diz Caged"},"content":{"rendered":"\n<div class=\"wp-block-image\"><figure class=\"aligncenter size-large\"><a href=\"https:\/\/diadianoticias.com.br\/wp-content\/uploads\/2022\/09\/Emprego.jpg\"><img loading=\"lazy\" decoding=\"async\" width=\"1024\" height=\"613\" src=\"https:\/\/diadianoticias.com.br\/wp-content\/uploads\/2022\/09\/Emprego-1024x613.jpg\" alt=\"\" class=\"wp-image-47242\" srcset=\"https:\/\/diadianoticias.com.br\/wp-content\/uploads\/2022\/09\/Emprego-1024x613.jpg 1024w, https:\/\/diadianoticias.com.br\/wp-content\/uploads\/2022\/09\/Emprego-300x179.jpg 300w, https:\/\/diadianoticias.com.br\/wp-content\/uploads\/2022\/09\/Emprego-768x459.jpg 768w, https:\/\/diadianoticias.com.br\/wp-content\/uploads\/2022\/09\/Emprego.jpg 1170w\" sizes=\"auto, (max-width: 1024px) 100vw, 1024px\" \/><\/a><\/figure><\/div>\n\n\n\n<p>O Brasil gerou 278.639 postos de trabalho em agosto deste ano, resultado de 2.051.800 admiss\u00f5es e de 1.773.161 desligamentos de empregos com carteira assinada. No acumulado de 2022, o saldo \u00e9 de 1.853.298 novos trabalhadores no mercado formal. Os dados s\u00e3o do Minist\u00e9rio do Trabalho e Previd\u00eancia, que divulgou hoje (29), em Bras\u00edlia, as Estat\u00edsticas Mensais do Emprego Formal, o Novo Caged.<img decoding=\"async\" src=\"https:\/\/agenciabrasil.ebc.com.br\/ebc.png?id=1484980&amp;o=node\"><img decoding=\"async\" src=\"https:\/\/agenciabrasil.ebc.com.br\/ebc.gif?id=1484980&amp;o=node\"><\/p>\n\n\n\n<p>O estoque de empregos formais no pa\u00eds, que \u00e9 a quantidade total de v\u00ednculos celetistas ativos, chegou a 42.531.653 em agosto, o que representa um aumento de 0,66% em rela\u00e7\u00e3o ao m\u00eas anterior.<\/p>\n\n\n\n<p>No m\u00eas passado, o saldo de empregos foi positivo nos cinco grupamentos de atividades econ\u00f4micas: servi\u00e7os, com a cria\u00e7\u00e3o de 141.113 postos distribu\u00eddos principalmente nas atividades de informa\u00e7\u00e3o, comunica\u00e7\u00e3o e atividades financeiras, imobili\u00e1rias, profissionais e administrativas; ind\u00fastria, com 52.760 novos postos, concentrado na ind\u00fastria de transforma\u00e7\u00e3o; com\u00e9rcio, saldo positivo de 41.886 postos; constru\u00e7\u00e3o, mais 35.156 postos de trabalho gerados; e agricultura, pecu\u00e1ria, produ\u00e7\u00e3o florestal, pesca e aquicultura, que criou 7.724 novos empregos.<\/p>\n\n\n\n<p>O ministro do Trabalho e Previd\u00eancia, Jos\u00e9 Carlos Oliveira, destacou que \u00e9 o terceiro m\u00eas em que o setor industrial registra alta nas contrata\u00e7\u00f5es, o que contribui para elevar a renda da popula\u00e7\u00e3o.<\/p>\n\n\n\n<p>\u201cIsso quer dizer que estamos retomando o movimento da ind\u00fastria brasileira e isso \u00e9 importante porque traz um valor agregado aos nossos produtos e tamb\u00e9m vai elevar a m\u00e9dia dos sal\u00e1rios dos brasileiros. A ind\u00fastria, via de regra, requer uma melhor qualifica\u00e7\u00e3o, consequentemente, o setor crescendo, a m\u00e9dia do sal\u00e1rio do brasileiro acaba crescendo tamb\u00e9m\u201d, explicou.<\/p>\n\n\n\n<p><strong>VARIA\u00c7\u00d5ES POR REGI\u00c3O<\/strong><\/p>\n\n\n\n<p>Todas as regi\u00f5es do pa\u00eds tiveram saldo positivo na gera\u00e7\u00e3o de emprego no m\u00eas passado, sendo que houve aumento de trabalho formal nas 27 unidades da federa\u00e7\u00e3o.<\/p>\n\n\n\n<p>Em termos relativos, dos estados com maior varia\u00e7\u00e3o na cria\u00e7\u00e3o de empregos em rela\u00e7\u00e3o ao estoque do m\u00eas anterior, os destaques s\u00e3o para Roraima, com a abertura de 1.081 postos, aumento de 1,59%; Rio Grande do Norte, que criou 6.338 novas vagas (1,41%); e Amap\u00e1, com saldo positivo de 1.016 postos (1,35%).<\/p>\n\n\n\n<p>Os estados com menor varia\u00e7\u00e3o relativa de empregos em agosto, em rela\u00e7\u00e3o a julho, s\u00e3o Santa Catarina, que criou 10.223 postos, aumento de 0,43%; Rio Grande do Sul, com saldo positivo de 9.691, alta de 0,37%; e Piau\u00ed, que encerrou o m\u00eas passado com mais 831 postos de trabalho formal, crescimento de apenas 0,27%.<\/p>\n\n\n\n<p>Em termos absolutos, as unidades da federa\u00e7\u00e3o com maior saldo no m\u00eas passado foram S\u00e3o Paulo, com 74.973 postos (0,57%); Rio de Janeiro, com 30.838 vagas criadas (0,92%); e Minas Gerais, com a gera\u00e7\u00e3o de 27.381 postos (0,61%). J\u00e1 os estados com menor saldo absoluto foram Amap\u00e1, com 1.016 postos (1,35%); Acre, com 858 novas vagas (0,93%); e Piau\u00ed, que gerou 831 coloca\u00e7\u00f5es (0,27%).<\/p>\n\n\n\n<p>Em todo o pa\u00eds, o sal\u00e1rio m\u00e9dio de admiss\u00e3o em agosto de 2022 foi de R$ 1.949,84. Comparado ao m\u00eas anterior, houve acr\u00e9scimo real de R$ 29,27 no sal\u00e1rio m\u00e9dio de admiss\u00e3o, uma varia\u00e7\u00e3o positiva de 1,52%.<\/p>\n\n\n\n<p>As estat\u00edsticas completas do Novo Caged est\u00e3o dispon\u00edveis na\u00a0p\u00e1gina do Minist\u00e9rio do Trabalho e Previd\u00eancia.<\/p>\n\n\n\n<p><em>Fonte: Ag\u00eancia Brasil<\/em><\/p>\n","protected":false},"excerpt":{"rendered":"<div class=\"mh-excerpt\"><p>O Brasil gerou 278.639 postos de trabalho em agosto deste ano, resultado de 2.051.800 admiss\u00f5es e de 1.773.161 desligamentos de empregos com carteira assinada. No acumulado de 2022, o saldo \u00e9 de 1.853.298 novos trabalhadores <a class=\"mh-excerpt-more\" href=\"https:\/\/diadianoticias.com.br\/?p=47241\" title=\"Brasil gera 278,6 mil empregos formais em agosto, diz Caged\">[&#8230;]<\/a><\/p>\n<\/div>","protected":false},"author":4,"featured_media":47242,"comment_status":"open","ping_status":"open","sticky":false,"template":"","format":"standard","meta":{"footnotes":""},"categories":[32,9],"tags":[],"class_list":{"0":"post-47241","1":"post","2":"type-post","3":"status-publish","4":"format-standard","5":"has-post-thumbnail","7":"category-destaque","8":"category-nacionais"},"_links":{"self":[{"href":"https:\/\/diadianoticias.com.br\/index.php?rest_route=\/wp\/v2\/posts\/47241","targetHints":{"allow":["GET"]}}],"collection":[{"href":"https:\/\/diadianoticias.com.br\/index.php?rest_route=\/wp\/v2\/posts"}],"about":[{"href":"https:\/\/diadianoticias.com.br\/index.php?rest_route=\/wp\/v2\/types\/post"}],"author":[{"embeddable":true,"href":"https:\/\/diadianoticias.com.br\/index.php?rest_route=\/wp\/v2\/users\/4"}],"replies":[{"embeddable":true,"href":"https:\/\/diadianoticias.com.br\/index.php?rest_route=%2Fwp%2Fv2%2Fcomments&post=47241"}],"version-history":[{"count":1,"href":"https:\/\/diadianoticias.com.br\/index.php?rest_route=\/wp\/v2\/posts\/47241\/revisions"}],"predecessor-version":[{"id":47243,"href":"https:\/\/diadianoticias.com.br\/index.php?rest_route=\/wp\/v2\/posts\/47241\/revisions\/47243"}],"wp:featuredmedia":[{"embeddable":true,"href":"https:\/\/diadianoticias.com.br\/index.php?rest_route=\/wp\/v2\/media\/47242"}],"wp:attachment":[{"href":"https:\/\/diadianoticias.com.br\/index.php?rest_route=%2Fwp%2Fv2%2Fmedia&parent=47241"}],"wp:term":[{"taxonomy":"category","embeddable":true,"href":"https:\/\/diadianoticias.com.br\/index.php?rest_route=%2Fwp%2Fv2%2Fcategories&post=47241"},{"taxonomy":"post_tag","embeddable":true,"href":"https:\/\/diadianoticias.com.br\/index.php?rest_route=%2Fwp%2Fv2%2Ftags&post=47241"}],"curies":[{"name":"wp","href":"https:\/\/api.w.org\/{rel}","templated":true}]}}