{"id":46580,"date":"2022-07-21T21:08:10","date_gmt":"2022-07-21T21:08:10","guid":{"rendered":"https:\/\/diadianoticias.com.br\/?p=46580"},"modified":"2022-07-21T21:08:12","modified_gmt":"2022-07-21T21:08:12","slug":"saude-aponta-um-caso-de-febre-amarela-em-um-ano-e-reforca-importancia-da-vacinacao","status":"publish","type":"post","link":"https:\/\/diadianoticias.com.br\/?p=46580","title":{"rendered":"Sa\u00fade aponta um caso de febre amarela em um ano e refor\u00e7a import\u00e2ncia da vacina\u00e7\u00e3o"},"content":{"rendered":"\n<div class=\"wp-block-image\"><figure class=\"aligncenter size-full\"><a href=\"https:\/\/diadianoticias.com.br\/wp-content\/uploads\/2022\/07\/febre.jpg\"><img loading=\"lazy\" decoding=\"async\" width=\"890\" height=\"596\" src=\"https:\/\/diadianoticias.com.br\/wp-content\/uploads\/2022\/07\/febre.jpg\" alt=\"\" class=\"wp-image-46581\" srcset=\"https:\/\/diadianoticias.com.br\/wp-content\/uploads\/2022\/07\/febre.jpg 890w, https:\/\/diadianoticias.com.br\/wp-content\/uploads\/2022\/07\/febre-300x201.jpg 300w, https:\/\/diadianoticias.com.br\/wp-content\/uploads\/2022\/07\/febre-768x514.jpg 768w\" sizes=\"auto, (max-width: 890px) 100vw, 890px\" \/><\/a><\/figure><\/div>\n\n\n\n<p>O boletim da Febre Amarela, divulgado pela Secretaria de Estado da Sa\u00fade (Sesa) nesta quarta-feira (20), confirmou um caso em humano, importado do munic\u00edpio de S\u00e3o Salvador, no Tocantins. O dado \u00e9 referente ao per\u00edodo epidemiol\u00f3gico de julho de 2021 a junho de 2022.<\/p>\n\n\n\n<p>Tamb\u00e9m houve 48 notifica\u00e7\u00f5es da doen\u00e7a, sendo que 45 foram descartadas e duas seguem em investiga\u00e7\u00e3o. A regional com maior n\u00famero de notifica\u00e7\u00f5es foi a 2\u00aa (Curitiba), com 65,6% dos casos notificados.<\/p>\n\n\n\n<p>No Paran\u00e1, foram registradas 44 notifica\u00e7\u00f5es de epizootias (mortes de macacos) em 23 munic\u00edpios de 13 Regionais de Sa\u00fade, com 36 casos descartados e oito indeterminados. Os macacos n\u00e3o transmitem a febre amarela. Eles ocupam a fun\u00e7\u00e3o de sentinelas no enfrentamento, indicando o caminho que o v\u00edrus est\u00e1 percorrendo.<\/p>\n\n\n\n<p>A febre amarela \u00e9 uma doen\u00e7a infecciosa, causada por v\u00edrus transmitido pela picada dos mosquitos infectados e pode ser evitada com uma dose da vacina. Os sintomas iniciais s\u00e3o febre com calafrios, icter\u00edcia, dor de cabe\u00e7a intensa, dores nas costas, dores musculares, v\u00f4mitos e fraqueza.<\/p>\n\n\n\n<p>No per\u00edodo de janeiro a dezembro de 2021, foram vacinadas 112.948 crian\u00e7as menores de 1 ano de idade. A cobertura acumulada at\u00e9 o momento \u00e9 de 73,6%. A meta anual de crian\u00e7as a serem vacinadas aos nove meses de idade, conforme preconizado pelo Programa Nacional de Imuniza\u00e7\u00f5es, \u00e9 de 95%, o que refor\u00e7a a import\u00e2ncia da manuten\u00e7\u00e3o da carteira das crian\u00e7as em dia.<\/p>\n\n\n\n<p>Confira o boletim\u00a0<a rel=\"noreferrer noopener\" href=\"https:\/\/www.saude.pr.gov.br\/sites\/default\/arquivos_restritos\/files\/documento\/2022-07\/novo_modelo_boletim_fa_no_01_-_2022_-_revisado.pdf\" target=\"_blank\">AQUI<\/a>.<\/p>\n\n\n\n<p><em>Fonte: Ag\u00eancia Estadual de Not\u00edcias<\/em><\/p>\n","protected":false},"excerpt":{"rendered":"<div class=\"mh-excerpt\"><p>O boletim da Febre Amarela, divulgado pela Secretaria de Estado da Sa\u00fade (Sesa) nesta quarta-feira (20), confirmou um caso em humano, importado do munic\u00edpio de S\u00e3o Salvador, no Tocantins. O dado \u00e9 referente ao per\u00edodo <a class=\"mh-excerpt-more\" href=\"https:\/\/diadianoticias.com.br\/?p=46580\" title=\"Sa\u00fade aponta um caso de febre amarela em um ano e refor\u00e7a import\u00e2ncia da vacina\u00e7\u00e3o\">[&#8230;]<\/a><\/p>\n<\/div>","protected":false},"author":4,"featured_media":46581,"comment_status":"open","ping_status":"open","sticky":false,"template":"","format":"standard","meta":{"footnotes":""},"categories":[32,14],"tags":[],"class_list":{"0":"post-46580","1":"post","2":"type-post","3":"status-publish","4":"format-standard","5":"has-post-thumbnail","7":"category-destaque","8":"category-paran"},"_links":{"self":[{"href":"https:\/\/diadianoticias.com.br\/index.php?rest_route=\/wp\/v2\/posts\/46580","targetHints":{"allow":["GET"]}}],"collection":[{"href":"https:\/\/diadianoticias.com.br\/index.php?rest_route=\/wp\/v2\/posts"}],"about":[{"href":"https:\/\/diadianoticias.com.br\/index.php?rest_route=\/wp\/v2\/types\/post"}],"author":[{"embeddable":true,"href":"https:\/\/diadianoticias.com.br\/index.php?rest_route=\/wp\/v2\/users\/4"}],"replies":[{"embeddable":true,"href":"https:\/\/diadianoticias.com.br\/index.php?rest_route=%2Fwp%2Fv2%2Fcomments&post=46580"}],"version-history":[{"count":1,"href":"https:\/\/diadianoticias.com.br\/index.php?rest_route=\/wp\/v2\/posts\/46580\/revisions"}],"predecessor-version":[{"id":46582,"href":"https:\/\/diadianoticias.com.br\/index.php?rest_route=\/wp\/v2\/posts\/46580\/revisions\/46582"}],"wp:featuredmedia":[{"embeddable":true,"href":"https:\/\/diadianoticias.com.br\/index.php?rest_route=\/wp\/v2\/media\/46581"}],"wp:attachment":[{"href":"https:\/\/diadianoticias.com.br\/index.php?rest_route=%2Fwp%2Fv2%2Fmedia&parent=46580"}],"wp:term":[{"taxonomy":"category","embeddable":true,"href":"https:\/\/diadianoticias.com.br\/index.php?rest_route=%2Fwp%2Fv2%2Fcategories&post=46580"},{"taxonomy":"post_tag","embeddable":true,"href":"https:\/\/diadianoticias.com.br\/index.php?rest_route=%2Fwp%2Fv2%2Ftags&post=46580"}],"curies":[{"name":"wp","href":"https:\/\/api.w.org\/{rel}","templated":true}]}}