{"id":46552,"date":"2022-07-20T16:05:18","date_gmt":"2022-07-20T16:05:18","guid":{"rendered":"https:\/\/diadianoticias.com.br\/?p=46552"},"modified":"2022-07-20T16:05:21","modified_gmt":"2022-07-20T16:05:21","slug":"boletim-da-dengue-confirma-mais-5-711-casos-no-parana","status":"publish","type":"post","link":"https:\/\/diadianoticias.com.br\/?p=46552","title":{"rendered":"Boletim da dengue confirma mais 5.711 casos no Paran\u00e1"},"content":{"rendered":"\n<div class=\"wp-block-image\"><figure class=\"aligncenter size-large\"><a href=\"https:\/\/diadianoticias.com.br\/wp-content\/uploads\/2022\/07\/Foto47-1536x1023-2.jpg\"><img loading=\"lazy\" decoding=\"async\" width=\"1024\" height=\"682\" src=\"https:\/\/diadianoticias.com.br\/wp-content\/uploads\/2022\/07\/Foto47-1536x1023-2-1024x682.jpg\" alt=\"\" class=\"wp-image-46554\" srcset=\"https:\/\/diadianoticias.com.br\/wp-content\/uploads\/2022\/07\/Foto47-1536x1023-2-1024x682.jpg 1024w, https:\/\/diadianoticias.com.br\/wp-content\/uploads\/2022\/07\/Foto47-1536x1023-2-300x200.jpg 300w, https:\/\/diadianoticias.com.br\/wp-content\/uploads\/2022\/07\/Foto47-1536x1023-2-768x512.jpg 768w, https:\/\/diadianoticias.com.br\/wp-content\/uploads\/2022\/07\/Foto47-1536x1023-2.jpg 1536w\" sizes=\"auto, (max-width: 1024px) 100vw, 1024px\" \/><\/a><\/figure><\/div>\n\n\n\n<p>Dados do boletim epidemiol\u00f3gico n\u00ba 47, divulgados pela Secretaria de Estado da Sa\u00fade (Sesa) nesta ter\u00e7a-feira (19), por meio da Coordenadoria Estadual de Vigil\u00e2ncia Ambiental, confirmam mais 5.711 novos casos de dengue no Paran\u00e1. N\u00e3o h\u00e1 nenhum novo \u00f3bito.<\/p>\n\n\n\n<p>De acordo com o Informe de Arboviroses, que corresponde ao&nbsp;per\u00edodo sazonal da doen\u00e7a iniciado em 1\u00ba de agosto de 2021, o Estado&nbsp;soma, nesse per\u00edodo, 74 \u00f3bitos, com 126.507 casos confirmados, 14.713 em investiga\u00e7\u00e3o e 248.788 notifica\u00e7\u00f5es.<\/p>\n\n\n\n<p>Dos 385 munic\u00edpios com notifica\u00e7\u00f5es, 357 tiveram casos confirmados e 315&nbsp;registraram autoctonia, quando a dengue \u00e9 contra\u00edda no munic\u00edpio de resid\u00eancia.<\/p>\n\n\n\n<p>O mosquito&nbsp;<em>Aedes&nbsp;aegypti&nbsp;<\/em>tamb\u00e9m \u00e9 respons\u00e1vel, al\u00e9m da dengue, pelo zika e&nbsp;chikungunya. Durante este per\u00edodo n\u00e3o houve registro de casos de zika e foram indicados 32 casos de febre chikungunya, sendo nove aut\u00f3ctones e 21 importados.<\/p>\n\n\n\n<p><strong>Confira\u00a0<a rel=\"noreferrer noopener\" href=\"https:\/\/www.dengue.pr.gov.br\/sites\/dengue\/arquivos_restritos\/files\/documento\/2022-07\/informe_epidemiologico_47_se_31_a_28-_2021-2022.pdf\" target=\"_blank\">AQUI<\/a>\u00a0o informe completo.<\/strong><\/p>\n\n\n\n<p><em>(Fonte: tasabendo.com.br)<\/em><\/p>\n","protected":false},"excerpt":{"rendered":"<div class=\"mh-excerpt\"><p>Dados do boletim epidemiol\u00f3gico n\u00ba 47, divulgados pela Secretaria de Estado da Sa\u00fade (Sesa) nesta ter\u00e7a-feira (19), por meio da Coordenadoria Estadual de Vigil\u00e2ncia Ambiental, confirmam mais 5.711 novos casos de dengue no Paran\u00e1. N\u00e3o <a class=\"mh-excerpt-more\" href=\"https:\/\/diadianoticias.com.br\/?p=46552\" title=\"Boletim da dengue confirma mais 5.711 casos no Paran\u00e1\">[&#8230;]<\/a><\/p>\n<\/div>","protected":false},"author":4,"featured_media":46553,"comment_status":"open","ping_status":"open","sticky":false,"template":"","format":"standard","meta":{"footnotes":""},"categories":[32,14],"tags":[],"class_list":{"0":"post-46552","1":"post","2":"type-post","3":"status-publish","4":"format-standard","5":"has-post-thumbnail","7":"category-destaque","8":"category-paran"},"_links":{"self":[{"href":"https:\/\/diadianoticias.com.br\/index.php?rest_route=\/wp\/v2\/posts\/46552","targetHints":{"allow":["GET"]}}],"collection":[{"href":"https:\/\/diadianoticias.com.br\/index.php?rest_route=\/wp\/v2\/posts"}],"about":[{"href":"https:\/\/diadianoticias.com.br\/index.php?rest_route=\/wp\/v2\/types\/post"}],"author":[{"embeddable":true,"href":"https:\/\/diadianoticias.com.br\/index.php?rest_route=\/wp\/v2\/users\/4"}],"replies":[{"embeddable":true,"href":"https:\/\/diadianoticias.com.br\/index.php?rest_route=%2Fwp%2Fv2%2Fcomments&post=46552"}],"version-history":[{"count":1,"href":"https:\/\/diadianoticias.com.br\/index.php?rest_route=\/wp\/v2\/posts\/46552\/revisions"}],"predecessor-version":[{"id":46555,"href":"https:\/\/diadianoticias.com.br\/index.php?rest_route=\/wp\/v2\/posts\/46552\/revisions\/46555"}],"wp:featuredmedia":[{"embeddable":true,"href":"https:\/\/diadianoticias.com.br\/index.php?rest_route=\/wp\/v2\/media\/46553"}],"wp:attachment":[{"href":"https:\/\/diadianoticias.com.br\/index.php?rest_route=%2Fwp%2Fv2%2Fmedia&parent=46552"}],"wp:term":[{"taxonomy":"category","embeddable":true,"href":"https:\/\/diadianoticias.com.br\/index.php?rest_route=%2Fwp%2Fv2%2Fcategories&post=46552"},{"taxonomy":"post_tag","embeddable":true,"href":"https:\/\/diadianoticias.com.br\/index.php?rest_route=%2Fwp%2Fv2%2Ftags&post=46552"}],"curies":[{"name":"wp","href":"https:\/\/api.w.org\/{rel}","templated":true}]}}