{"id":46515,"date":"2022-07-15T21:25:29","date_gmt":"2022-07-15T21:25:29","guid":{"rendered":"https:\/\/diadianoticias.com.br\/?p=46515"},"modified":"2022-07-15T21:25:31","modified_gmt":"2022-07-15T21:25:31","slug":"cianortenses-contam-com-horario-especial-para-atualizacao-de-vacinas","status":"publish","type":"post","link":"https:\/\/diadianoticias.com.br\/?p=46515","title":{"rendered":"Cianortenses contam com hor\u00e1rio especial para atualiza\u00e7\u00e3o de vacinas"},"content":{"rendered":"\n<div class=\"wp-block-image\"><figure class=\"aligncenter size-full\"><a href=\"https:\/\/diadianoticias.com.br\/wp-content\/uploads\/2022\/07\/thumb_800x500_vacinacao3020cm.png\"><img loading=\"lazy\" decoding=\"async\" width=\"800\" height=\"500\" src=\"https:\/\/diadianoticias.com.br\/wp-content\/uploads\/2022\/07\/thumb_800x500_vacinacao3020cm.png\" alt=\"\" class=\"wp-image-46516\" srcset=\"https:\/\/diadianoticias.com.br\/wp-content\/uploads\/2022\/07\/thumb_800x500_vacinacao3020cm.png 800w, https:\/\/diadianoticias.com.br\/wp-content\/uploads\/2022\/07\/thumb_800x500_vacinacao3020cm-300x188.png 300w, https:\/\/diadianoticias.com.br\/wp-content\/uploads\/2022\/07\/thumb_800x500_vacinacao3020cm-768x480.png 768w\" sizes=\"auto, (max-width: 800px) 100vw, 800px\" \/><\/a><\/figure><\/div>\n\n\n\n<p>A partir desta segunda-feira (18), as salas de vacina das Unidades B\u00e1sicas de Sa\u00fade (UBSs) do Cianortinho, Vila Sete, Morada do Sol e S\u00e3o Louren\u00e7o v\u00e3o prestar atendimento at\u00e9 as 22h para a atualiza\u00e7\u00e3o vacinal dos cianortenses. Qualquer pessoa que esteja em atraso com alguma imuniza\u00e7\u00e3o do calend\u00e1rio b\u00e1sico, assim como contra a gripe e a Covid-19, pode comparecer e colocar em dia. Basta apresentar um documento com foto e a carteirinha.<\/p>\n\n\n\n<p>\u201cA vacina \u00e9 uma forma segura e eficaz de prote\u00e7\u00e3o contra doen\u00e7as imunopreven\u00edveis, seus agravamentos, hospitaliza\u00e7\u00f5es e, at\u00e9 mesmo, a morte. Assim, reiteramos a import\u00e2ncia de estar com o calend\u00e1rio vacinal em dia e solicitamos que os cianortenses em atraso, em especial as crian\u00e7as, que s\u00e3o mais suscet\u00edveis, fa\u00e7am a atualiza\u00e7\u00e3o\u201d, destaca a secret\u00e1ria municipal de Sa\u00fade, Rebeca Galacci.<\/p>\n\n\n\n<p>Confira o esquema de vacina\u00e7\u00e3o de rotina:\u00a0<a rel=\"noreferrer noopener\" href=\"https:\/\/cianorte.pr.gov.br\/uploads\/arquivo\/Calendariocoloridoporvacinaatualizado.pdf\" target=\"_blank\">http:\/\/cianorte.pr.gov.br\/uploads\/arquivo\/Calendariocoloridoporvacinaatualizado.pdf<\/a><\/p>\n\n\n\n<p>(Fonte: cianorte.pr.gov.br)<\/p>\n","protected":false},"excerpt":{"rendered":"<div class=\"mh-excerpt\"><p>A partir desta segunda-feira (18), as salas de vacina das Unidades B\u00e1sicas de Sa\u00fade (UBSs) do Cianortinho, Vila Sete, Morada do Sol e S\u00e3o Louren\u00e7o v\u00e3o prestar atendimento at\u00e9 as 22h para a atualiza\u00e7\u00e3o vacinal <a class=\"mh-excerpt-more\" href=\"https:\/\/diadianoticias.com.br\/?p=46515\" title=\"Cianortenses contam com hor\u00e1rio especial para atualiza\u00e7\u00e3o de vacinas\">[&#8230;]<\/a><\/p>\n<\/div>","protected":false},"author":4,"featured_media":46516,"comment_status":"open","ping_status":"open","sticky":false,"template":"","format":"standard","meta":{"footnotes":""},"categories":[12,32],"tags":[],"class_list":{"0":"post-46515","1":"post","2":"type-post","3":"status-publish","4":"format-standard","5":"has-post-thumbnail","7":"category-cidade","8":"category-destaque"},"_links":{"self":[{"href":"https:\/\/diadianoticias.com.br\/index.php?rest_route=\/wp\/v2\/posts\/46515","targetHints":{"allow":["GET"]}}],"collection":[{"href":"https:\/\/diadianoticias.com.br\/index.php?rest_route=\/wp\/v2\/posts"}],"about":[{"href":"https:\/\/diadianoticias.com.br\/index.php?rest_route=\/wp\/v2\/types\/post"}],"author":[{"embeddable":true,"href":"https:\/\/diadianoticias.com.br\/index.php?rest_route=\/wp\/v2\/users\/4"}],"replies":[{"embeddable":true,"href":"https:\/\/diadianoticias.com.br\/index.php?rest_route=%2Fwp%2Fv2%2Fcomments&post=46515"}],"version-history":[{"count":1,"href":"https:\/\/diadianoticias.com.br\/index.php?rest_route=\/wp\/v2\/posts\/46515\/revisions"}],"predecessor-version":[{"id":46517,"href":"https:\/\/diadianoticias.com.br\/index.php?rest_route=\/wp\/v2\/posts\/46515\/revisions\/46517"}],"wp:featuredmedia":[{"embeddable":true,"href":"https:\/\/diadianoticias.com.br\/index.php?rest_route=\/wp\/v2\/media\/46516"}],"wp:attachment":[{"href":"https:\/\/diadianoticias.com.br\/index.php?rest_route=%2Fwp%2Fv2%2Fmedia&parent=46515"}],"wp:term":[{"taxonomy":"category","embeddable":true,"href":"https:\/\/diadianoticias.com.br\/index.php?rest_route=%2Fwp%2Fv2%2Fcategories&post=46515"},{"taxonomy":"post_tag","embeddable":true,"href":"https:\/\/diadianoticias.com.br\/index.php?rest_route=%2Fwp%2Fv2%2Ftags&post=46515"}],"curies":[{"name":"wp","href":"https:\/\/api.w.org\/{rel}","templated":true}]}}