{"id":46500,"date":"2022-07-14T20:19:02","date_gmt":"2022-07-14T20:19:02","guid":{"rendered":"https:\/\/diadianoticias.com.br\/?p=46500"},"modified":"2022-07-14T20:19:05","modified_gmt":"2022-07-14T20:19:05","slug":"procon-multa-copel-por-queima-de-aparelho-causada-por-oscilacao-de-energia-eletrica","status":"publish","type":"post","link":"https:\/\/diadianoticias.com.br\/?p=46500","title":{"rendered":"Procon multa Copel por queima de aparelho causada por oscila\u00e7\u00e3o de energia el\u00e9trica"},"content":{"rendered":"\n<div class=\"wp-block-image\"><figure class=\"aligncenter size-full\"><a href=\"https:\/\/diadianoticias.com.br\/wp-content\/uploads\/2022\/07\/foto784.jpg\"><img loading=\"lazy\" decoding=\"async\" width=\"960\" height=\"636\" src=\"https:\/\/diadianoticias.com.br\/wp-content\/uploads\/2022\/07\/foto784.jpg\" alt=\"\" class=\"wp-image-46501\" srcset=\"https:\/\/diadianoticias.com.br\/wp-content\/uploads\/2022\/07\/foto784.jpg 960w, https:\/\/diadianoticias.com.br\/wp-content\/uploads\/2022\/07\/foto784-300x199.jpg 300w, https:\/\/diadianoticias.com.br\/wp-content\/uploads\/2022\/07\/foto784-768x509.jpg 768w\" sizes=\"auto, (max-width: 960px) 100vw, 960px\" \/><\/a><\/figure><\/div>\n\n\n\n<p>O Procon de Campo Mour\u00e3o multou a Copel em R$ 8 mil por danos causados pela oscila\u00e7\u00e3o de energia el\u00e9trica e que n\u00e3o foram reparados. A multa est\u00e1 embasada na legisla\u00e7\u00e3o que trata da rela\u00e7\u00e3o de consumo em que o servi\u00e7o deve ser cont\u00ednuo, adequado e eficaz. Caso o servi\u00e7o seja falho e cause preju\u00edzo ao consumidor, a empresa deve ser responsabilizada.<\/p>\n\n\n\n<p>\u201cQuando h\u00e1 queda de energia sem que seja tempestade, caso fortuito ou for\u00e7a maior e eventualmente, queimar um aparelho do consumidor, a Copel precisa ressarcir imediatamente. Basta o consumidor apresentar protocolo reclamando da falta de energia e laudo t\u00e9cnico de que o produto queimou devido \u00e0 descarga el\u00e9trica\u201d, explica o diretor do Procon, Sidnei Jardim, ao lembrar que a empresa tem prazo legal para recorrer.<\/p>\n\n\n\n<p>Ele orienta que o consumidor prejudicado deve anotar o protocolo de reclama\u00e7\u00e3o junto \u00e0 Copel para comprovar que houve queda de energia naquele hor\u00e1rio, enquanto o laudo t\u00e9cnico \u00e9 necess\u00e1rio para comprovar a causa do dano naquele aparelho. \u201cCaso a Copel n\u00e3o ressar\u00e7a administrativamente, o Procon poder\u00e1 multar e o consumidor poder\u00e1 ingressar com a\u00e7\u00e3o judicial no F\u00f3rum\u201d, completa.<\/p>\n\n\n\n<p>(Fonte: tasabendo.com.br)<\/p>\n","protected":false},"excerpt":{"rendered":"<div class=\"mh-excerpt\"><p>O Procon de Campo Mour\u00e3o multou a Copel em R$ 8 mil por danos causados pela oscila\u00e7\u00e3o de energia el\u00e9trica e que n\u00e3o foram reparados. A multa est\u00e1 embasada na legisla\u00e7\u00e3o que trata da rela\u00e7\u00e3o <a class=\"mh-excerpt-more\" href=\"https:\/\/diadianoticias.com.br\/?p=46500\" title=\"Procon multa Copel por queima de aparelho causada por oscila\u00e7\u00e3o de energia el\u00e9trica\">[&#8230;]<\/a><\/p>\n<\/div>","protected":false},"author":4,"featured_media":46501,"comment_status":"open","ping_status":"open","sticky":false,"template":"","format":"standard","meta":{"footnotes":""},"categories":[32,14],"tags":[],"class_list":{"0":"post-46500","1":"post","2":"type-post","3":"status-publish","4":"format-standard","5":"has-post-thumbnail","7":"category-destaque","8":"category-paran"},"_links":{"self":[{"href":"https:\/\/diadianoticias.com.br\/index.php?rest_route=\/wp\/v2\/posts\/46500","targetHints":{"allow":["GET"]}}],"collection":[{"href":"https:\/\/diadianoticias.com.br\/index.php?rest_route=\/wp\/v2\/posts"}],"about":[{"href":"https:\/\/diadianoticias.com.br\/index.php?rest_route=\/wp\/v2\/types\/post"}],"author":[{"embeddable":true,"href":"https:\/\/diadianoticias.com.br\/index.php?rest_route=\/wp\/v2\/users\/4"}],"replies":[{"embeddable":true,"href":"https:\/\/diadianoticias.com.br\/index.php?rest_route=%2Fwp%2Fv2%2Fcomments&post=46500"}],"version-history":[{"count":1,"href":"https:\/\/diadianoticias.com.br\/index.php?rest_route=\/wp\/v2\/posts\/46500\/revisions"}],"predecessor-version":[{"id":46502,"href":"https:\/\/diadianoticias.com.br\/index.php?rest_route=\/wp\/v2\/posts\/46500\/revisions\/46502"}],"wp:featuredmedia":[{"embeddable":true,"href":"https:\/\/diadianoticias.com.br\/index.php?rest_route=\/wp\/v2\/media\/46501"}],"wp:attachment":[{"href":"https:\/\/diadianoticias.com.br\/index.php?rest_route=%2Fwp%2Fv2%2Fmedia&parent=46500"}],"wp:term":[{"taxonomy":"category","embeddable":true,"href":"https:\/\/diadianoticias.com.br\/index.php?rest_route=%2Fwp%2Fv2%2Fcategories&post=46500"},{"taxonomy":"post_tag","embeddable":true,"href":"https:\/\/diadianoticias.com.br\/index.php?rest_route=%2Fwp%2Fv2%2Ftags&post=46500"}],"curies":[{"name":"wp","href":"https:\/\/api.w.org\/{rel}","templated":true}]}}