{"id":46198,"date":"2022-06-21T14:23:18","date_gmt":"2022-06-21T14:23:18","guid":{"rendered":"https:\/\/diadianoticias.com.br\/?p=46198"},"modified":"2022-06-21T14:23:23","modified_gmt":"2022-06-21T14:23:23","slug":"com-oito-novos-complexos-parana-vai-fechar-2022-com-4-231-vagas-a-mais-no-sistema-prisional","status":"publish","type":"post","link":"https:\/\/diadianoticias.com.br\/?p=46198","title":{"rendered":"Com oito novos complexos, Paran\u00e1 vai fechar 2022 com 4.231 vagas a mais no sistema prisional"},"content":{"rendered":"\n<figure class=\"wp-block-image\"><img decoding=\"async\" src=\"blob:https:\/\/diadianoticias.com.br\/a03fe8f5-5f6f-46f2-9c74-8593ac967b47\" alt=\"\"\/><\/figure>\n\n\n\n<p>Ap\u00f3s um per\u00edodo extenso sem a constru\u00e7\u00e3o de penitenci\u00e1rias, o que resultou em uma popula\u00e7\u00e3o carcer\u00e1ria de cerca de 12 mil pessoas acomodadas indevidamente em delegacias, o Paran\u00e1 vai terminar o quadri\u00eanio entre 2019 e 2022 com 4.231 novas vagas incorporadas ao sistema prisional. S\u00e3o seis cadeias P\u00fablicas: em Campo Mour\u00e3o, Ponta Grossa, Gua\u00edra,&nbsp;<strong><a href=\"https:\/\/www.aen.pr.gov.br\/Noticia\/Estado-entrega-cadeia-publica-de-Londrina-e-abre-752-vagas-no-sistema-prisional-do-Norte\" target=\"_blank\" rel=\"noreferrer noopener\">Londrina<\/a><\/strong>, Foz do Igua\u00e7u e Curitiba (reforma); um Centro de Integra\u00e7\u00e3o Social, em Piraquara; e a amplia\u00e7\u00e3o da Penitenci\u00e1ria Estadual de Foz do Igua\u00e7u.<\/p>\n\n\n\n<p>O planejamento do Governo do Estado prev\u00ea ainda a abertura de mais 3.204 vagas, entre reformas, amplia\u00e7\u00f5es e constru\u00e7\u00f5es, at\u00e9 2024. No total, a capacidade carcer\u00e1ria ser\u00e1 ampliada em 7.435 detentos ao longo de seis anos, acabando com a cust\u00f3dia de presos em espa\u00e7os voltados para a investiga\u00e7\u00e3o de crimes. O investimento previsto \u00e9 de R$ 261,2 milh\u00f5es, por meio de recursos estaduais e federais.<\/p>\n\n\n\n<p>H\u00e1, tamb\u00e9m, a reestrutura\u00e7\u00e3o de complexos j\u00e1 em funcionamento, como a nova\u00a0<strong><a rel=\"noreferrer noopener\" href=\"https:\/\/www.aen.pr.gov.br\/Noticia\/Governador-inaugura-Unidade-de-Progressao-para-recuperacao-de-presos-em-Ponta-Grossa\" target=\"_blank\">Unidade de Progress\u00e3o de Ponta Grossa (PEPG-UP 2)<\/a><\/strong>, inaugurada na segunda-feira (20) pelo governador Carlos Massa Ratinho Junior. O espa\u00e7o, mais moderno e autossustent\u00e1vel, poder\u00e1 receber at\u00e9 350 pessoas privadas de liberdade. A cidade dos Campos Gerais \u00e9 um bom exemplo dessa reestrutura\u00e7\u00e3o carcer\u00e1ria. Passar\u00e1 neste ano de 1,6 mil para 2,7 mil vagas dispon\u00edveis.<\/p>\n\n\n\n<p>\u201cQuando come\u00e7amos a gest\u00e3o, em 2019, t\u00ednhamos mais de 12 mil presos em delegacia, algo que envergonhava o Paran\u00e1. Uma tarefa \u00e1rdua, dif\u00edcil, mas que a Secretaria da Seguran\u00e7a P\u00fablica, com planejamento e dedica\u00e7\u00e3o, conseguiu resolver. Garantimos assim um ambiente mais adequado ao sistema penitenci\u00e1rio, com fluxo de presos para unidades maiores e melhorias nas cadeias p\u00fablicas existentes\u201d, afirmou Ratinho Junior.<\/p>\n\n\n\n<p>De acordo com o Departamento de Pol\u00edcia Penal do Paran\u00e1 (Deppen), cinco complexos previstos para o per\u00edodo 2019-2022 j\u00e1 est\u00e3o em funcionamento. Outros tr\u00eas est\u00e3o em vias de ser finalizados \u2013 as Cadeias P\u00fablicas de Gua\u00edra e Foz do Igua\u00e7u atingiram em junho 99,8% de obras executadas, restando detalhes finais do projeto. J\u00e1 a Cadeia P\u00fablica de Ponta Grossa alcan\u00e7ou 95,8%.<\/p>\n\n\n\n<p>\u201cViv\u00edamos uma situa\u00e7\u00e3o de colapso, o preso entrava e n\u00e3o sa\u00eda. Precisamos passar por uma reengenharia completa do sistema, com um modelo de gest\u00e3o totalmente diferente. Chegamos al\u00e9m do que pod\u00edamos imaginar, mesmo sem nenhuma concess\u00e3o de penitenci\u00e1rias e cadeias para a administra\u00e7\u00e3o privada\u201d, afirmou o diretor-geral do Deppen, Francisco Caricati.<\/p>\n\n\n\n<p><strong>PR\u00d3XIMOS ANOS<\/strong>&nbsp;\u2013 Est\u00e3o previstas as entregas de mais oito espa\u00e7os at\u00e9 o fim de 2024, ampliando o sistema em outras 3.204 vagas. Quatro, todos em execu\u00e7\u00e3o, ficam prontos j\u00e1 no ano que vem: amplia\u00e7\u00e3o da Penitenci\u00e1ria Estadual de Piraquara II (83,7%), constru\u00e7\u00e3o da Cadeia P\u00fablica de Piraquara (46,9%), constru\u00e7\u00e3o da Cadeia P\u00fablica de Arapongas (40,9%) e amplia\u00e7\u00e3o da Penitenci\u00e1ria Industrial de Cascavel (17,2%). Os \u00edndices da constru\u00e7\u00e3o foram atualizados neste m\u00eas.<\/p>\n\n\n\n<p>Est\u00e3o em fase de licita\u00e7\u00e3o a amplia\u00e7\u00e3o da Casa de Cust\u00f3dia de Piraquara para 334 vagas (R$ 11,7 milh\u00f5es); a amplia\u00e7\u00e3o da Penitenci\u00e1ria Estadual de Piraquara I, chegando a uma capacidade de 501 pessoas (R$ 16,9 milh\u00f5es); a constru\u00e7\u00e3o do Centro de Integra\u00e7\u00e3o Social de Campo Mour\u00e3o, para 216 detentos (R$ 6,5 milh\u00f5es); e a constru\u00e7\u00e3o da Penitenci\u00e1ria Estadual de Ribeir\u00e3o do Pinhal, para 800 presos e investimento de R$ 52,5 milh\u00f5es. Esses empreendimentos t\u00eam funcionamento previsto para ocorrer em 2024.<\/p>\n\n\n\n<p>\u201cPassamos por uma revolu\u00e7\u00e3o e os resultados j\u00e1 s\u00e3o percept\u00edveis, com a melhora dos\u00a0<strong>indicadores da seguran\u00e7a p\u00fablica<\/strong>. Agora o policial civil no Paran\u00e1 n\u00e3o precisa mais cuidar de presos e se dedicar exclusivamente \u00e0s investiga\u00e7\u00f5es\u201d, disse Ratinho Junior.<\/p>\n\n\n\n<p><strong>RESSOCIALIZA\u00c7\u00c3O&nbsp;<\/strong>\u2013 Cadeias e pres\u00eddios passaram a ter uma nova linha administrativa a partir de 2019, voltada para a ressocializa\u00e7\u00e3o, com o Deppen proporcionando diversas atividades educacionais \u00e0s pessoas privadas de liberdade. Dentre elas, destacaram-se os cursos profissionalizantes, que formaram 213 presos apenas no ano passado.<\/p>\n\n\n\n<p>A ressocializa\u00e7\u00e3o tamb\u00e9m se deu por meio dos canteiros de trabalho. Segundo o mais recente levantamento do Deppen, o Paran\u00e1 tem 23% dos presos envolvidos em algum tipo de trabalho no sistema prisional. \u201cTemos por objetivo promover a reintegra\u00e7\u00e3o social atrav\u00e9s da capacita\u00e7\u00e3o, seja via estudo ou profissionaliza\u00e7\u00e3o. \u00c9 um novo conceito de qualidade penitenci\u00e1ria\u201d, ressaltou Caricati.<\/p>\n\n\n\n<p><strong>CRIA\u00c7\u00c3O DO DEPPEN<\/strong>\u00a0\u2013 Essas conquistas tamb\u00e9m passam pela cria\u00e7\u00e3o do\u00a0Departamento de Pol\u00edcia Penal\u00a0e a institui\u00e7\u00e3o da\u00a0for\u00e7a policial penal, atendendo demanda antiga da categoria. Os cargos foram regulamentados neste ano.\u00a0O Paran\u00e1 tem cerca de 2,5 mil policiais penals e o projeto de lei complementar aprovado prev\u00ea a possibilidade de cria\u00e7\u00e3o de 7.060 novas vagas na estrutura do Deppen, entre policiais penais, cargos de gest\u00e3o e fun\u00e7\u00e3o p\u00fablica. Esse processo acontecer\u00e1 por concurso p\u00fablico e ainda n\u00e3o tem data para ocorrer. Com isso, o Deppen pode alcan\u00e7ar 9.750 servidores em sua nova composi\u00e7\u00e3o.<\/p>\n\n\n\n<p>(Fonte: aen)<\/p>\n","protected":false},"excerpt":{"rendered":"<div class=\"mh-excerpt\"><p>Ap\u00f3s um per\u00edodo extenso sem a constru\u00e7\u00e3o de penitenci\u00e1rias, o que resultou em uma popula\u00e7\u00e3o carcer\u00e1ria de cerca de 12 mil pessoas acomodadas indevidamente em delegacias, o Paran\u00e1 vai terminar o quadri\u00eanio entre 2019 e <a class=\"mh-excerpt-more\" href=\"https:\/\/diadianoticias.com.br\/?p=46198\" title=\"Com oito novos complexos, Paran\u00e1 vai fechar 2022 com 4.231 vagas a mais no sistema prisional\">[&#8230;]<\/a><\/p>\n<\/div>","protected":false},"author":4,"featured_media":46199,"comment_status":"open","ping_status":"open","sticky":false,"template":"","format":"standard","meta":{"footnotes":""},"categories":[32,14],"tags":[],"class_list":{"0":"post-46198","1":"post","2":"type-post","3":"status-publish","4":"format-standard","5":"has-post-thumbnail","7":"category-destaque","8":"category-paran"},"_links":{"self":[{"href":"https:\/\/diadianoticias.com.br\/index.php?rest_route=\/wp\/v2\/posts\/46198","targetHints":{"allow":["GET"]}}],"collection":[{"href":"https:\/\/diadianoticias.com.br\/index.php?rest_route=\/wp\/v2\/posts"}],"about":[{"href":"https:\/\/diadianoticias.com.br\/index.php?rest_route=\/wp\/v2\/types\/post"}],"author":[{"embeddable":true,"href":"https:\/\/diadianoticias.com.br\/index.php?rest_route=\/wp\/v2\/users\/4"}],"replies":[{"embeddable":true,"href":"https:\/\/diadianoticias.com.br\/index.php?rest_route=%2Fwp%2Fv2%2Fcomments&post=46198"}],"version-history":[{"count":2,"href":"https:\/\/diadianoticias.com.br\/index.php?rest_route=\/wp\/v2\/posts\/46198\/revisions"}],"predecessor-version":[{"id":46201,"href":"https:\/\/diadianoticias.com.br\/index.php?rest_route=\/wp\/v2\/posts\/46198\/revisions\/46201"}],"wp:featuredmedia":[{"embeddable":true,"href":"https:\/\/diadianoticias.com.br\/index.php?rest_route=\/wp\/v2\/media\/46199"}],"wp:attachment":[{"href":"https:\/\/diadianoticias.com.br\/index.php?rest_route=%2Fwp%2Fv2%2Fmedia&parent=46198"}],"wp:term":[{"taxonomy":"category","embeddable":true,"href":"https:\/\/diadianoticias.com.br\/index.php?rest_route=%2Fwp%2Fv2%2Fcategories&post=46198"},{"taxonomy":"post_tag","embeddable":true,"href":"https:\/\/diadianoticias.com.br\/index.php?rest_route=%2Fwp%2Fv2%2Ftags&post=46198"}],"curies":[{"name":"wp","href":"https:\/\/api.w.org\/{rel}","templated":true}]}}