{"id":46195,"date":"2022-06-21T14:13:14","date_gmt":"2022-06-21T14:13:14","guid":{"rendered":"https:\/\/diadianoticias.com.br\/?p=46195"},"modified":"2022-06-21T14:13:31","modified_gmt":"2022-06-21T14:13:31","slug":"maringa-comeca-atendimentos-em-ambulatorio-para-pessoas-trans","status":"publish","type":"post","link":"https:\/\/diadianoticias.com.br\/?p=46195","title":{"rendered":"Maring\u00e1 come\u00e7a atendimentos em ambulat\u00f3rio para pessoas trans"},"content":{"rendered":"\n<div class=\"wp-block-image\"><figure class=\"aligncenter size-large\"><a href=\"https:\/\/diadianoticias.com.br\/wp-content\/uploads\/2022\/06\/4e0cb876-5447-4783-bb57-0378a493cf46-1536x864-1.jpg\"><img loading=\"lazy\" decoding=\"async\" width=\"1024\" height=\"576\" src=\"https:\/\/diadianoticias.com.br\/wp-content\/uploads\/2022\/06\/4e0cb876-5447-4783-bb57-0378a493cf46-1536x864-1-1024x576.jpg\" alt=\"\" class=\"wp-image-46196\" srcset=\"https:\/\/diadianoticias.com.br\/wp-content\/uploads\/2022\/06\/4e0cb876-5447-4783-bb57-0378a493cf46-1536x864-1-1024x576.jpg 1024w, https:\/\/diadianoticias.com.br\/wp-content\/uploads\/2022\/06\/4e0cb876-5447-4783-bb57-0378a493cf46-1536x864-1-300x169.jpg 300w, https:\/\/diadianoticias.com.br\/wp-content\/uploads\/2022\/06\/4e0cb876-5447-4783-bb57-0378a493cf46-1536x864-1-768x432.jpg 768w, https:\/\/diadianoticias.com.br\/wp-content\/uploads\/2022\/06\/4e0cb876-5447-4783-bb57-0378a493cf46-1536x864-1-678x381.jpg 678w, https:\/\/diadianoticias.com.br\/wp-content\/uploads\/2022\/06\/4e0cb876-5447-4783-bb57-0378a493cf46-1536x864-1.jpg 1536w\" sizes=\"auto, (max-width: 1024px) 100vw, 1024px\" \/><\/a><\/figure><\/div>\n\n\n\n<p>A Policl\u00ednica Zona Sul abriu um espa\u00e7o para um ambulat\u00f3rio para atendimento espec\u00edfico de transexuais. O atendimento come\u00e7ou nesta segunda-feira, 20.<\/p>\n\n\n\n<p>Antes, os atendimentos para pessoas que querem iniciar o tratamento hormonal de transi\u00e7\u00e3o eram realizados apenas em Curitiba.<\/p>\n\n\n\n<p>A fila de espera chegava a tr\u00eas anos, diz o coordenador do ambulat\u00f3rio, Marcelo Silva.<\/p>\n\n\n\n<p>\u201cAntigamente as pessoas iam procurar Curitiba para fazer essa parte, por que s\u00f3 Curitiba que trabalha em rela\u00e7\u00e3o \u00e0 medica\u00e7\u00e3o, os profissionais e eles t\u00eam l\u00e1 um ambulat\u00f3rio j\u00e1 habilitado para isso. S\u00f3 que o ambulat\u00f3rio de Curitiba atende o Paran\u00e1 inteiro, ent\u00e3o o tempo de espera apara voc\u00ea conseguir a primeira consulta em Curitiba era de 2 a 3 anos. Agora a gente conseguiu concentrar esse ambulat\u00f3rio aqui , com uma equipe multidisciplinar que vai atender pessoas trans e travestis\u201d, disse Silva.<\/p>\n\n\n\n<p>No primeiro dia, 12 pessoas foram atendidas e ser\u00e3o acompanhadas pelo munic\u00edpio.<\/p>\n\n\n\n<p>\u201cHoje os pacientes j\u00e1 sa\u00edram daqui com a prescri\u00e7\u00e3o do m\u00e9dico e atrav\u00e9s dessa prescri\u00e7\u00e3o, o munic\u00edpio vai fazer a compra da medica\u00e7\u00e3o. O processo vai ser todo em Maring\u00e1, a n\u00e3o ser que a pessoa queira fazer a parte cir\u00fargica. A parte cir\u00fargica ainda continua sedo Curitiba\u201d, disse.<\/p>\n\n\n\n<p>(Fonte: gmconline.com.br)<\/p>\n","protected":false},"excerpt":{"rendered":"<div class=\"mh-excerpt\"><p>A Policl\u00ednica Zona Sul abriu um espa\u00e7o para um ambulat\u00f3rio para atendimento espec\u00edfico de transexuais. O atendimento come\u00e7ou nesta segunda-feira, 20. Antes, os atendimentos para pessoas que querem iniciar o tratamento hormonal de transi\u00e7\u00e3o eram <a class=\"mh-excerpt-more\" href=\"https:\/\/diadianoticias.com.br\/?p=46195\" title=\"Maring\u00e1 come\u00e7a atendimentos em ambulat\u00f3rio para pessoas trans\">[&#8230;]<\/a><\/p>\n<\/div>","protected":false},"author":4,"featured_media":46196,"comment_status":"open","ping_status":"open","sticky":false,"template":"","format":"standard","meta":{"footnotes":""},"categories":[32,8,19],"tags":[],"class_list":{"0":"post-46195","1":"post","2":"type-post","3":"status-publish","4":"format-standard","5":"has-post-thumbnail","7":"category-destaque","8":"category-regionais","9":"category-saude"},"_links":{"self":[{"href":"https:\/\/diadianoticias.com.br\/index.php?rest_route=\/wp\/v2\/posts\/46195","targetHints":{"allow":["GET"]}}],"collection":[{"href":"https:\/\/diadianoticias.com.br\/index.php?rest_route=\/wp\/v2\/posts"}],"about":[{"href":"https:\/\/diadianoticias.com.br\/index.php?rest_route=\/wp\/v2\/types\/post"}],"author":[{"embeddable":true,"href":"https:\/\/diadianoticias.com.br\/index.php?rest_route=\/wp\/v2\/users\/4"}],"replies":[{"embeddable":true,"href":"https:\/\/diadianoticias.com.br\/index.php?rest_route=%2Fwp%2Fv2%2Fcomments&post=46195"}],"version-history":[{"count":1,"href":"https:\/\/diadianoticias.com.br\/index.php?rest_route=\/wp\/v2\/posts\/46195\/revisions"}],"predecessor-version":[{"id":46197,"href":"https:\/\/diadianoticias.com.br\/index.php?rest_route=\/wp\/v2\/posts\/46195\/revisions\/46197"}],"wp:featuredmedia":[{"embeddable":true,"href":"https:\/\/diadianoticias.com.br\/index.php?rest_route=\/wp\/v2\/media\/46196"}],"wp:attachment":[{"href":"https:\/\/diadianoticias.com.br\/index.php?rest_route=%2Fwp%2Fv2%2Fmedia&parent=46195"}],"wp:term":[{"taxonomy":"category","embeddable":true,"href":"https:\/\/diadianoticias.com.br\/index.php?rest_route=%2Fwp%2Fv2%2Fcategories&post=46195"},{"taxonomy":"post_tag","embeddable":true,"href":"https:\/\/diadianoticias.com.br\/index.php?rest_route=%2Fwp%2Fv2%2Ftags&post=46195"}],"curies":[{"name":"wp","href":"https:\/\/api.w.org\/{rel}","templated":true}]}}