{"id":45771,"date":"2022-05-16T16:13:46","date_gmt":"2022-05-16T16:13:46","guid":{"rendered":"https:\/\/diadianoticias.com.br\/?p=45771"},"modified":"2022-05-16T16:13:48","modified_gmt":"2022-05-16T16:13:48","slug":"inmet-preve-geada-neve-e-avanco-do-frio-no-pais","status":"publish","type":"post","link":"https:\/\/diadianoticias.com.br\/?p=45771","title":{"rendered":"Inmet prev\u00ea geada, neve e avan\u00e7o do frio no pa\u00eds"},"content":{"rendered":"\n<div class=\"wp-block-image\"><figure class=\"aligncenter size-full\"><a href=\"https:\/\/diadianoticias.com.br\/wp-content\/uploads\/2022\/05\/geada5-1.jpg\"><img loading=\"lazy\" decoding=\"async\" width=\"890\" height=\"593\" src=\"https:\/\/diadianoticias.com.br\/wp-content\/uploads\/2022\/05\/geada5-1.jpg\" alt=\"\" class=\"wp-image-45772\" srcset=\"https:\/\/diadianoticias.com.br\/wp-content\/uploads\/2022\/05\/geada5-1.jpg 890w, https:\/\/diadianoticias.com.br\/wp-content\/uploads\/2022\/05\/geada5-1-300x200.jpg 300w, https:\/\/diadianoticias.com.br\/wp-content\/uploads\/2022\/05\/geada5-1-768x512.jpg 768w\" sizes=\"auto, (max-width: 890px) 100vw, 890px\" \/><\/a><\/figure><\/div>\n\n\n\n<p>A semana come\u00e7ar\u00e1 com geada na Campanha Ga\u00facha; neve em Santa Catarina e na Serra Ga\u00facha; frio adentrando na Regi\u00e3o Centro-Oeste; e ventos cada vez mais forte no litoral do Rio Grande do Sul e de Santa Catarina. \u00c9 o que prev\u00ea o Instituto Nacional de Meteorologia (Inmet).<img decoding=\"async\" src=\"https:\/\/agenciabrasil.ebc.com.br\/ebc.png?id=1459855&amp;o=node\"><img decoding=\"async\" src=\"https:\/\/agenciabrasil.ebc.com.br\/ebc.gif?id=1459855&amp;o=node\"><\/p>\n\n\n\n<p>Tudo em decorr\u00eancia da forma\u00e7\u00e3o e deslocamento de uma frente fria pelo pa\u00eds, que dever\u00e1 causar tamb\u00e9m chuvas fortes em \u00e1reas do Mato Grosso do Sul, no sul do Mato Grosso, Goi\u00e1s e Minas Gerais e em \u00e1reas de S\u00e3o Paulo e Rio de Janeiro.<\/p>\n\n\n\n<h3 class=\"wp-block-heading\"><strong>CICLONE SUBTROPICAL<\/strong><\/h3>\n\n\n\n<p>Preocupados com a possibilidade de alguns efeitos mais extremos causados pela mudan\u00e7a no clima, o Inmet e a Marinha divulgaram uma nota conjunta na qual informam haver \u201ccondi\u00e7\u00f5es favor\u00e1veis para a forma\u00e7\u00e3o de um ciclone subtropical em alto-mar, na posi\u00e7\u00e3o 36\u00b0S 042\u00b0W, aproximadamente 530 milhas n\u00e1uticas (980 km) ao sul da costa do estado do Rio Grande do Sul, com r\u00e1pido deslocamento para sudoeste e posterior deslocamento para oeste\/noroeste, a partir da manh\u00e3 do dia 16 de maio\u201d.<\/p>\n\n\n\n<p>Ainda de acordo com a nota, caso as condi\u00e7\u00f5es atmosf\u00e9ricas persistam, o sistema dever\u00e1 ser classificado como \u201ctempestade subtropical\u201d. \u201cA atua\u00e7\u00e3o deste sistema meteorol\u00f3gico poder\u00e1 causar ventos de at\u00e9 55 n\u00f3s (100 km\/h) no entorno do ciclone, principalmente nos setores leste e sudeste desse sistema, at\u00e9 a noite do dia 16 de maio\u201d, complementa a nota.<\/p>\n\n\n\n<p>Na internet, a&nbsp;<a href=\"https:\/\/www.marinha.mil.br\/chm\/dados-do-smm-avisos-de-mau-tempo\/avisos-de-mau-tempo\" target=\"_blank\" rel=\"noreferrer noopener\">Marinha mant\u00e9m atualizados<\/a>&nbsp;os alertas de mau tempo. Informa\u00e7\u00f5es meteorol\u00f3gicas podem ser visualizadas tamb\u00e9m por meio do aplicativo Boletim ao Mar, dispon\u00edvel para download para os sistemas Android e iOS.<\/p>\n\n\n\n<p><strong>TER\u00c7A-FEIRA<\/strong><\/p>\n\n\n\n<p>De acordo com o Inmet, a madrugada de ter\u00e7a-feira (17) \u00e9 de forma\u00e7\u00e3o de geada no norte de Santa Catarina e em grande parte do Paran\u00e1 e no sul e sudoeste do Mato Grosso do Sul, podendo ser forte no centro e sul do Paran\u00e1.<\/p>\n\n\n\n<p>O instituto prev\u00ea queda mais acentuada nas temperaturas de \u00e1reas das regi\u00f5es Centro-Oeste e Sudeste, bem como no sul da regi\u00e3o Amaz\u00f4nica.<\/p>\n\n\n\n<p>\u201cNo decorrer do dia, um ciclone extratropical avan\u00e7a pr\u00f3ximo ao litoral do Rio Grande do Sul intensificando ainda mais os ventos no sul e leste do estado. As rajadas de vento poder\u00e3o ultrapassar os 100 km\/h em algumas localidades do extremo sul do Rio Grande do Sul\u201d, complementa o Inmet.<\/p>\n\n\n\n<p>Ainda segundo o instituto, a massa de ar frio continuar\u00e1 atuando em grande parte do Brasil at\u00e9 o final da semana.<\/p>\n\n\n\n<p><em>Ag\u00eancia Brasil<\/em><\/p>\n","protected":false},"excerpt":{"rendered":"<div class=\"mh-excerpt\"><p>A semana come\u00e7ar\u00e1 com geada na Campanha Ga\u00facha; neve em Santa Catarina e na Serra Ga\u00facha; frio adentrando na Regi\u00e3o Centro-Oeste; e ventos cada vez mais forte no litoral do Rio Grande do Sul e <a class=\"mh-excerpt-more\" href=\"https:\/\/diadianoticias.com.br\/?p=45771\" title=\"Inmet prev\u00ea geada, neve e avan\u00e7o do frio no pa\u00eds\">[&#8230;]<\/a><\/p>\n<\/div>","protected":false},"author":4,"featured_media":45772,"comment_status":"open","ping_status":"open","sticky":false,"template":"","format":"standard","meta":{"footnotes":""},"categories":[27,32],"tags":[],"class_list":{"0":"post-45771","1":"post","2":"type-post","3":"status-publish","4":"format-standard","5":"has-post-thumbnail","7":"category-ciencia-meioambiente","8":"category-destaque"},"_links":{"self":[{"href":"https:\/\/diadianoticias.com.br\/index.php?rest_route=\/wp\/v2\/posts\/45771","targetHints":{"allow":["GET"]}}],"collection":[{"href":"https:\/\/diadianoticias.com.br\/index.php?rest_route=\/wp\/v2\/posts"}],"about":[{"href":"https:\/\/diadianoticias.com.br\/index.php?rest_route=\/wp\/v2\/types\/post"}],"author":[{"embeddable":true,"href":"https:\/\/diadianoticias.com.br\/index.php?rest_route=\/wp\/v2\/users\/4"}],"replies":[{"embeddable":true,"href":"https:\/\/diadianoticias.com.br\/index.php?rest_route=%2Fwp%2Fv2%2Fcomments&post=45771"}],"version-history":[{"count":1,"href":"https:\/\/diadianoticias.com.br\/index.php?rest_route=\/wp\/v2\/posts\/45771\/revisions"}],"predecessor-version":[{"id":45773,"href":"https:\/\/diadianoticias.com.br\/index.php?rest_route=\/wp\/v2\/posts\/45771\/revisions\/45773"}],"wp:featuredmedia":[{"embeddable":true,"href":"https:\/\/diadianoticias.com.br\/index.php?rest_route=\/wp\/v2\/media\/45772"}],"wp:attachment":[{"href":"https:\/\/diadianoticias.com.br\/index.php?rest_route=%2Fwp%2Fv2%2Fmedia&parent=45771"}],"wp:term":[{"taxonomy":"category","embeddable":true,"href":"https:\/\/diadianoticias.com.br\/index.php?rest_route=%2Fwp%2Fv2%2Fcategories&post=45771"},{"taxonomy":"post_tag","embeddable":true,"href":"https:\/\/diadianoticias.com.br\/index.php?rest_route=%2Fwp%2Fv2%2Ftags&post=45771"}],"curies":[{"name":"wp","href":"https:\/\/api.w.org\/{rel}","templated":true}]}}