{"id":45762,"date":"2022-05-16T13:11:03","date_gmt":"2022-05-16T13:11:03","guid":{"rendered":"https:\/\/diadianoticias.com.br\/?p=45762"},"modified":"2022-05-16T13:11:05","modified_gmt":"2022-05-16T13:11:05","slug":"pm-recupera-carga-de-defensivos-agricolas-roubada-na-pr-487","status":"publish","type":"post","link":"https:\/\/diadianoticias.com.br\/?p=45762","title":{"rendered":"PM recupera carga de defensivos agr\u00edcolas roubada na PR-487"},"content":{"rendered":"\n<div class=\"wp-block-image\"><figure class=\"aligncenter size-full\"><a href=\"https:\/\/diadianoticias.com.br\/wp-content\/uploads\/2022\/05\/foto12-1.jpg\"><img loading=\"lazy\" decoding=\"async\" width=\"960\" height=\"628\" src=\"https:\/\/diadianoticias.com.br\/wp-content\/uploads\/2022\/05\/foto12-1.jpg\" alt=\"\" class=\"wp-image-45763\" srcset=\"https:\/\/diadianoticias.com.br\/wp-content\/uploads\/2022\/05\/foto12-1.jpg 960w, https:\/\/diadianoticias.com.br\/wp-content\/uploads\/2022\/05\/foto12-1-300x196.jpg 300w, https:\/\/diadianoticias.com.br\/wp-content\/uploads\/2022\/05\/foto12-1-768x502.jpg 768w\" sizes=\"auto, (max-width: 960px) 100vw, 960px\" \/><\/a><\/figure><\/div>\n\n\n\n<p>A Pol\u00edcia Militar apreendeu nesse fim de semana uma carga de defensivos agr\u00edcolas que havia sido tomada de assalto na rodovia PR-487, entre as cidades de Luiziana e Iretama.<\/p>\n\n\n\n<p>O roubo ocorreu na sexta-feira, 13, quando quatro homens armados abordaram um caminh\u00e3o da empresa I.Riedi carregado com os produtos agr\u00edcolas. O motorista foi colocado no carro dos criminosos e ficou sob amea\u00e7a at\u00e9 ser libertado na cidade de Floresta.<\/p>\n\n\n\n<p>O caminh\u00e3o foi localizado mais tarde abandonado na cidade de Roncador, por\u00e9m, sem a carga. J\u00e1 neste domingo, a PM recebeu den\u00fancia an\u00f4nima dando conta de que a carga roubada estaria escondida em um s\u00edtio, no distrito \u00c1guas de Jurema, em Iretama.<\/p>\n\n\n\n<p>A pessoa que fez a den\u00fancia tamb\u00e9m&nbsp; citou o nome dos poss\u00edveis autores do roubo. Os policiais foram at\u00e9 o s\u00edtio e encontraram a porteira de acesso ao carreador aberta. No sitio havia apenas uma casa que estava com as portas e janelas encostadas.<\/p>\n\n\n\n<p>Enquanto os policiais procuravam por pessoas na parte externa, foi poss\u00edvel verificar por uma fresta na janela de um dos quartos, v\u00e1rias embalagens de agrot\u00f3xicos.<\/p>\n\n\n\n<p>Neste momento, a equipe ouviu ru\u00eddos dentro da casa e os policiais optaram por entrar, pois os autores poderiam estar no local. As equipes entraram pela porta dos fundos. Durante a busca foi poss\u00edvel verificar outro quarto contendo mais produtos agr\u00edcolas roubados.<\/p>\n\n\n\n<p>Ningu\u00e9m foi encontrado na resid\u00eancia, mas a identifica\u00e7\u00e3o do prov\u00e1vel morador da casa foi constatado por anota\u00e7\u00f5es encontradas. Enquanto a equipe fazia a contagem dos objetos encontrados chegou outra informa\u00e7\u00e3o dando conta que dois suspeitos de estarem envolvidos no crime estavam em uma festa, no distrito de \u00c1guas de Jurema.<\/p>\n\n\n\n<p>Enquanto uma equipe permaneceu na casa, outra saiu com intuito de localizar os suspeitos. Durante o deslocamento e ainda na estrada que chega at\u00e9 o sitio onde estavam os produtos encontrados, os policiais se depararam com uma caminhonete Fiat Toro, conduzida por um homem.<\/p>\n\n\n\n<p>Ele foi abordado e revistado, contudo nada de il\u00edcito foi encontrado. No entanto, enquanto era revistado, o homem quebrou seu aparelho celular. Junto com ele estava outro rapaz.<\/p>\n\n\n\n<p>O motorista tem antecedentes, com pris\u00f5es por roubo de carga e, o outro abordado, com pris\u00f5es por contrabando. Ao serem questionados sobre o local em que estavam, disseram estar em uma festa com um dos moradores da casa.<\/p>\n\n\n\n<p>Em seguida a equipe policial foi at\u00e9 o local da festa, entretanto o ambiente estava vazio com sinais de que pessoas sa\u00edram dali naquele momento, deixando at\u00e9 carne na churrasqueira.<\/p>\n\n\n\n<p>Como nada de il\u00edcito foi encontrado com os dois homens, eles foram liberados. J\u00e1 o gerente da empresa apresentou as notas dos produtos&nbsp; confirmando a propriedade. Ele fretou um caminh\u00e3o para recolher os produtos do s\u00edtio.<\/p>\n\n\n\n<p><em>Com informa\u00e7\u00f5es: Assessoria de Comunica\u00e7\u00e3o\/Pol\u00edcia Militar<\/em><\/p>\n\n\n\n<p><em>(Fonte: tasabendo.com.br)<\/em><\/p>\n","protected":false},"excerpt":{"rendered":"<div class=\"mh-excerpt\"><p>A Pol\u00edcia Militar apreendeu nesse fim de semana uma carga de defensivos agr\u00edcolas que havia sido tomada de assalto na rodovia PR-487, entre as cidades de Luiziana e Iretama. O roubo ocorreu na sexta-feira, 13, <a class=\"mh-excerpt-more\" href=\"https:\/\/diadianoticias.com.br\/?p=45762\" title=\"PM recupera carga de defensivos agr\u00edcolas roubada na PR-487\">[&#8230;]<\/a><\/p>\n<\/div>","protected":false},"author":4,"featured_media":45763,"comment_status":"open","ping_status":"open","sticky":false,"template":"","format":"standard","meta":{"footnotes":""},"categories":[32,14,5],"tags":[],"class_list":{"0":"post-45762","1":"post","2":"type-post","3":"status-publish","4":"format-standard","5":"has-post-thumbnail","7":"category-destaque","8":"category-paran","9":"category-policiais"},"_links":{"self":[{"href":"https:\/\/diadianoticias.com.br\/index.php?rest_route=\/wp\/v2\/posts\/45762","targetHints":{"allow":["GET"]}}],"collection":[{"href":"https:\/\/diadianoticias.com.br\/index.php?rest_route=\/wp\/v2\/posts"}],"about":[{"href":"https:\/\/diadianoticias.com.br\/index.php?rest_route=\/wp\/v2\/types\/post"}],"author":[{"embeddable":true,"href":"https:\/\/diadianoticias.com.br\/index.php?rest_route=\/wp\/v2\/users\/4"}],"replies":[{"embeddable":true,"href":"https:\/\/diadianoticias.com.br\/index.php?rest_route=%2Fwp%2Fv2%2Fcomments&post=45762"}],"version-history":[{"count":1,"href":"https:\/\/diadianoticias.com.br\/index.php?rest_route=\/wp\/v2\/posts\/45762\/revisions"}],"predecessor-version":[{"id":45764,"href":"https:\/\/diadianoticias.com.br\/index.php?rest_route=\/wp\/v2\/posts\/45762\/revisions\/45764"}],"wp:featuredmedia":[{"embeddable":true,"href":"https:\/\/diadianoticias.com.br\/index.php?rest_route=\/wp\/v2\/media\/45763"}],"wp:attachment":[{"href":"https:\/\/diadianoticias.com.br\/index.php?rest_route=%2Fwp%2Fv2%2Fmedia&parent=45762"}],"wp:term":[{"taxonomy":"category","embeddable":true,"href":"https:\/\/diadianoticias.com.br\/index.php?rest_route=%2Fwp%2Fv2%2Fcategories&post=45762"},{"taxonomy":"post_tag","embeddable":true,"href":"https:\/\/diadianoticias.com.br\/index.php?rest_route=%2Fwp%2Fv2%2Ftags&post=45762"}],"curies":[{"name":"wp","href":"https:\/\/api.w.org\/{rel}","templated":true}]}}