{"id":45740,"date":"2022-05-11T12:35:34","date_gmt":"2022-05-11T12:35:34","guid":{"rendered":"https:\/\/diadianoticias.com.br\/?p=45740"},"modified":"2022-05-11T12:35:36","modified_gmt":"2022-05-11T12:35:36","slug":"procon-pr-orienta-sobre-exigencia-do-codigo-0303-para-ligacoes-de-telemarketing","status":"publish","type":"post","link":"https:\/\/diadianoticias.com.br\/?p=45740","title":{"rendered":"Procon-PR orienta sobre exig\u00eancia do c\u00f3digo 0303 para liga\u00e7\u00f5es de telemarketing"},"content":{"rendered":"\n<div class=\"wp-block-image\"><figure class=\"aligncenter size-large\"><a href=\"https:\/\/diadianoticias.com.br\/wp-content\/uploads\/2022\/05\/20211220_agb_procon_pr-2-1068x712-1.jpg\"><img loading=\"lazy\" decoding=\"async\" width=\"1024\" height=\"683\" src=\"https:\/\/diadianoticias.com.br\/wp-content\/uploads\/2022\/05\/20211220_agb_procon_pr-2-1068x712-1-1024x683.jpg\" alt=\"\" class=\"wp-image-45741\" srcset=\"https:\/\/diadianoticias.com.br\/wp-content\/uploads\/2022\/05\/20211220_agb_procon_pr-2-1068x712-1-1024x683.jpg 1024w, https:\/\/diadianoticias.com.br\/wp-content\/uploads\/2022\/05\/20211220_agb_procon_pr-2-1068x712-1-300x200.jpg 300w, https:\/\/diadianoticias.com.br\/wp-content\/uploads\/2022\/05\/20211220_agb_procon_pr-2-1068x712-1-768x512.jpg 768w, https:\/\/diadianoticias.com.br\/wp-content\/uploads\/2022\/05\/20211220_agb_procon_pr-2-1068x712-1.jpg 1068w\" sizes=\"auto, (max-width: 1024px) 100vw, 1024px\" \/><\/a><\/figure><\/div>\n\n\n\n<p>O Procon-PR, vinculado \u00e0 Secretaria de Estado da Justi\u00e7a, Fam\u00edlia e Trabalho (Sejuf), orienta os consumidores sobre a obrigatoriedade, a partir desta ter\u00e7a-feira, 10 de maio, de uso do c\u00f3digo 0303 por empresas de telemarketing que oferecem produtos e servi\u00e7os, nas chamadas telef\u00f4nicas originarias de celular. J\u00e1 o prazo limite para as liga\u00e7\u00f5es a partir de telefones fixos \u00e9 10 de junho.<\/p>\n\n\n\n<p>O objetivo da determina\u00e7\u00e3o da Ag\u00eancia Nacional de Telecomunica\u00e7\u00f5es (Anatel) \u00e9 que o consumidor identifique tratar-se de liga\u00e7\u00e3o de telemarketing e, ent\u00e3o, decida por atend\u00ea-la ou n\u00e3o.<\/p>\n\n\n\n<p>Para Rog\u00e9rio Carboni, secret\u00e1rio da Justi\u00e7a, Fam\u00edlia e Trabalho, a medida corresponde aos anseios das pessoas que se sentem incomodadas com in\u00fameras liga\u00e7\u00f5es, de dia e tamb\u00e9m \u00e0 noite, sem conhecer sua origem.<\/p>\n\n\n\n<p>\u201c\u00c9 desagrad\u00e1vel. Quem ainda n\u00e3o foi alvo desse tipo de abordagem que, muitas vezes, atrapalha atividades de trabalho e tamb\u00e9m pessoais? A medida da Anatel, como \u00f3rg\u00e3o regulador dos servi\u00e7os de comunica\u00e7\u00e3o, \u00e9 necess\u00e1ria. Agora, o Procon-PR se soma a esse esfor\u00e7o em defesa do direito do consumidor paranaense de decidir se atende ou n\u00e3o \u00e0s chamadas dos servi\u00e7os de telemarketing\u201d, afirma.<\/p>\n\n\n\n<p>Quem quiser evitar as liga\u00e7\u00f5es pode se cadastrar no&nbsp;<a href=\"https:\/\/www.procon.pr.gov.br\/servicos\/Consumidor\/Reclamacoes\/Bloquear-ligacoes-de-telemarketing-QJoRXn3w\" target=\"_blank\" rel=\"noreferrer noopener\">Sistema de Bloqueio de Telemarketing do Procon-PR<\/a>&nbsp;ou no site&nbsp;<a href=\"https:\/\/www.naomeperturbe.com.br\/\" target=\"_blank\" rel=\"noreferrer noopener\">naomeperturbe.com.br<\/a>. Ap\u00f3s o cadastramento, h\u00e1 prazo de 30 dias para o bloqueio, o que vale para chamadas com<\/p>\n\n\n\n<p>\u201cO usu\u00e1rio que receber liga\u00e7\u00f5es ap\u00f3s os 30 dias da data do ingresso no cadastro dever\u00e1 registrar ocorr\u00eancia junto ao Procon-PR, informando o dia, hor\u00e1rio, nome do atendente e da empresa prestadora do servi\u00e7o, a fim de que sejam tomadas as medidas cab\u00edveis\u201d, explica Claudia Silvano, diretora do Procon-PR.<\/p>\n\n\n\n<p>De acordo com ela, as empresas que n\u00e3o cumprirem a determina\u00e7\u00e3o da Anatel estar\u00e3o sujeitas a san\u00e7\u00f5es, inclusive de bloqueio do n\u00famero indevidamente utilizado. \u201cAl\u00e9m disso, o consumidor dever\u00e1 ser orientado, caso queira, a ingressar no Juizado Especial C\u00edvel com um pedido de indeniza\u00e7\u00e3o por danos morais\u201d, explica.<\/p>\n\n\n\n<p>uso do c\u00f3digo 0303 ou n\u00e3o.<\/p>\n\n\n\n<p>(Fonte: umuaramanews.com.br)<\/p>\n","protected":false},"excerpt":{"rendered":"<div class=\"mh-excerpt\"><p>O Procon-PR, vinculado \u00e0 Secretaria de Estado da Justi\u00e7a, Fam\u00edlia e Trabalho (Sejuf), orienta os consumidores sobre a obrigatoriedade, a partir desta ter\u00e7a-feira, 10 de maio, de uso do c\u00f3digo 0303 por empresas de telemarketing <a class=\"mh-excerpt-more\" href=\"https:\/\/diadianoticias.com.br\/?p=45740\" title=\"Procon-PR orienta sobre exig\u00eancia do c\u00f3digo 0303 para liga\u00e7\u00f5es de telemarketing\">[&#8230;]<\/a><\/p>\n<\/div>","protected":false},"author":4,"featured_media":45741,"comment_status":"open","ping_status":"open","sticky":false,"template":"","format":"standard","meta":{"footnotes":""},"categories":[32,14],"tags":[],"class_list":{"0":"post-45740","1":"post","2":"type-post","3":"status-publish","4":"format-standard","5":"has-post-thumbnail","7":"category-destaque","8":"category-paran"},"_links":{"self":[{"href":"https:\/\/diadianoticias.com.br\/index.php?rest_route=\/wp\/v2\/posts\/45740","targetHints":{"allow":["GET"]}}],"collection":[{"href":"https:\/\/diadianoticias.com.br\/index.php?rest_route=\/wp\/v2\/posts"}],"about":[{"href":"https:\/\/diadianoticias.com.br\/index.php?rest_route=\/wp\/v2\/types\/post"}],"author":[{"embeddable":true,"href":"https:\/\/diadianoticias.com.br\/index.php?rest_route=\/wp\/v2\/users\/4"}],"replies":[{"embeddable":true,"href":"https:\/\/diadianoticias.com.br\/index.php?rest_route=%2Fwp%2Fv2%2Fcomments&post=45740"}],"version-history":[{"count":1,"href":"https:\/\/diadianoticias.com.br\/index.php?rest_route=\/wp\/v2\/posts\/45740\/revisions"}],"predecessor-version":[{"id":45742,"href":"https:\/\/diadianoticias.com.br\/index.php?rest_route=\/wp\/v2\/posts\/45740\/revisions\/45742"}],"wp:featuredmedia":[{"embeddable":true,"href":"https:\/\/diadianoticias.com.br\/index.php?rest_route=\/wp\/v2\/media\/45741"}],"wp:attachment":[{"href":"https:\/\/diadianoticias.com.br\/index.php?rest_route=%2Fwp%2Fv2%2Fmedia&parent=45740"}],"wp:term":[{"taxonomy":"category","embeddable":true,"href":"https:\/\/diadianoticias.com.br\/index.php?rest_route=%2Fwp%2Fv2%2Fcategories&post=45740"},{"taxonomy":"post_tag","embeddable":true,"href":"https:\/\/diadianoticias.com.br\/index.php?rest_route=%2Fwp%2Fv2%2Ftags&post=45740"}],"curies":[{"name":"wp","href":"https:\/\/api.w.org\/{rel}","templated":true}]}}