{"id":45733,"date":"2022-05-10T23:17:28","date_gmt":"2022-05-10T23:17:28","guid":{"rendered":"https:\/\/diadianoticias.com.br\/?p=45733"},"modified":"2022-05-10T23:17:30","modified_gmt":"2022-05-10T23:17:30","slug":"volume-de-vendas-no-comercio-paranaense-cresce-12-em-marco","status":"publish","type":"post","link":"https:\/\/diadianoticias.com.br\/?p=45733","title":{"rendered":"Volume de vendas no com\u00e9rcio paranaense cresce 1,2% em mar\u00e7o"},"content":{"rendered":"\n<figure class=\"wp-block-image size-large\"><a href=\"https:\/\/diadianoticias.com.br\/wp-content\/uploads\/2022\/05\/foto40-1536x1024-1.jpg\"><img loading=\"lazy\" decoding=\"async\" width=\"1024\" height=\"683\" src=\"https:\/\/diadianoticias.com.br\/wp-content\/uploads\/2022\/05\/foto40-1536x1024-1-1024x683.jpg\" alt=\"\" class=\"wp-image-45734\" srcset=\"https:\/\/diadianoticias.com.br\/wp-content\/uploads\/2022\/05\/foto40-1536x1024-1-1024x683.jpg 1024w, https:\/\/diadianoticias.com.br\/wp-content\/uploads\/2022\/05\/foto40-1536x1024-1-300x200.jpg 300w, https:\/\/diadianoticias.com.br\/wp-content\/uploads\/2022\/05\/foto40-1536x1024-1-768x512.jpg 768w, https:\/\/diadianoticias.com.br\/wp-content\/uploads\/2022\/05\/foto40-1536x1024-1.jpg 1536w\" sizes=\"auto, (max-width: 1024px) 100vw, 1024px\" \/><\/a><\/figure>\n\n\n\n<p>O com\u00e9rcio paranaense cresceu 1,2% no Paran\u00e1 em mar\u00e7o deste ano. A expans\u00e3o na compara\u00e7\u00e3o com fevereiro \u00e9 no volume de vendas do com\u00e9rcio varejista ampliado, que engloba todos os setores, inclusive constru\u00e7\u00e3o civil e de ve\u00edculos. O crescimento no Brasil, nesse mesmo recorte, foi de 0,7%. Os dados consolidados do ano constam na Pesquisa Mensal do Com\u00e9rcio (PMC), divulgada pelo Instituto Brasileiro de Geografia e Estat\u00edstica (IBGE) nesta ter\u00e7a-feira (10).<\/p>\n\n\n\n<p>Essa \u00e9 a quinta alta consecutiva do com\u00e9rcio: houve, ainda, crescimentos de 1,2% em novembro, 0,8% em dezembro, 1,3% em janeiro e 0,4% em fevereiro. \u00c9 a primeira vez desde o come\u00e7o da pandemia com uma sequ\u00eancia positiva desse tamanho. Em n\u00edvel nacional, foi a terceira alta consecutiva.<\/p>\n\n\n\n<p>No com\u00e9rcio varejista, sem os dois setores com mais peso na pesquisa, o crescimento foi de 0,6% no Paran\u00e1, enquanto no Pa\u00eds foi de 1%.&nbsp;Os destaques setoriais de mar\u00e7o (comparativo com mar\u00e7o de 2021) foram as vendas de livros, jornais, revistas e papelarias (138,2%); tecidos, vestu\u00e1rios e cal\u00e7ados (57,6%); artigos de uso pessoal e dom\u00e9stico (55,2%) e artigos farmac\u00eauticos, m\u00e9dicos, ortop\u00e9dicos, de perfumaria e cosm\u00e9ticos (4%). Constru\u00e7\u00e3o civil e com\u00e9rcio de carros registraram quedas e ainda t\u00eam um come\u00e7o de ano dif\u00edcil, reflexo da infla\u00e7\u00e3o acumulada do Pa\u00eds em dois d\u00edgitos.<\/p>\n\n\n\n<p>No acumulado de 12 meses, em rela\u00e7\u00e3o ao mesmo per\u00edodo do ano anterior, a alta no com\u00e9rcio ampliado do Paran\u00e1 foi de 0,7%. No consolidado nacional, o avan\u00e7o foi de 4,4%. Nesse recorte, que representa um comportamento de mais longo prazo, os destaques s\u00e3o para vendas de tecidos, vestu\u00e1rios e cal\u00e7ados (25,5%), artigos farmac\u00eauticos, m\u00e9dicos, de perfumaria e cosm\u00e9ticos (13,7%), ve\u00edculos, motocicletas, partes e pe\u00e7as (2,1%) e materiais de constru\u00e7\u00e3o (0,6%).<\/p>\n\n\n\n<p>A receita tamb\u00e9m acompanha o aumento do volume de vendas. Em mar\u00e7o, o crescimento no faturamento do com\u00e9rcio varejista ampliado foi de 0,9%, tamb\u00e9m acima do indicador nacional, de 0,4%. No comparativo com o mesmo m\u00eas do ano passado aumentaram 15,8%. Em 12 meses, a varia\u00e7\u00e3o acumulada alcan\u00e7a 17,1% de alta, muito pr\u00f3xima da m\u00e9dia nacional, de 18,6%.<\/p>\n\n\n\n<p><em>Ag\u00eancia Estadual de Not\u00edcias<\/em><\/p>\n\n\n\n<p><em>(Fonte: tasabendo.com.br)<\/em><\/p>\n","protected":false},"excerpt":{"rendered":"<div class=\"mh-excerpt\"><p>O com\u00e9rcio paranaense cresceu 1,2% no Paran\u00e1 em mar\u00e7o deste ano. A expans\u00e3o na compara\u00e7\u00e3o com fevereiro \u00e9 no volume de vendas do com\u00e9rcio varejista ampliado, que engloba todos os setores, inclusive constru\u00e7\u00e3o civil e <a class=\"mh-excerpt-more\" href=\"https:\/\/diadianoticias.com.br\/?p=45733\" title=\"Volume de vendas no com\u00e9rcio paranaense cresce 1,2% em mar\u00e7o\">[&#8230;]<\/a><\/p>\n<\/div>","protected":false},"author":4,"featured_media":45734,"comment_status":"open","ping_status":"open","sticky":false,"template":"","format":"standard","meta":{"footnotes":""},"categories":[32,14],"tags":[],"class_list":{"0":"post-45733","1":"post","2":"type-post","3":"status-publish","4":"format-standard","5":"has-post-thumbnail","7":"category-destaque","8":"category-paran"},"_links":{"self":[{"href":"https:\/\/diadianoticias.com.br\/index.php?rest_route=\/wp\/v2\/posts\/45733","targetHints":{"allow":["GET"]}}],"collection":[{"href":"https:\/\/diadianoticias.com.br\/index.php?rest_route=\/wp\/v2\/posts"}],"about":[{"href":"https:\/\/diadianoticias.com.br\/index.php?rest_route=\/wp\/v2\/types\/post"}],"author":[{"embeddable":true,"href":"https:\/\/diadianoticias.com.br\/index.php?rest_route=\/wp\/v2\/users\/4"}],"replies":[{"embeddable":true,"href":"https:\/\/diadianoticias.com.br\/index.php?rest_route=%2Fwp%2Fv2%2Fcomments&post=45733"}],"version-history":[{"count":1,"href":"https:\/\/diadianoticias.com.br\/index.php?rest_route=\/wp\/v2\/posts\/45733\/revisions"}],"predecessor-version":[{"id":45735,"href":"https:\/\/diadianoticias.com.br\/index.php?rest_route=\/wp\/v2\/posts\/45733\/revisions\/45735"}],"wp:featuredmedia":[{"embeddable":true,"href":"https:\/\/diadianoticias.com.br\/index.php?rest_route=\/wp\/v2\/media\/45734"}],"wp:attachment":[{"href":"https:\/\/diadianoticias.com.br\/index.php?rest_route=%2Fwp%2Fv2%2Fmedia&parent=45733"}],"wp:term":[{"taxonomy":"category","embeddable":true,"href":"https:\/\/diadianoticias.com.br\/index.php?rest_route=%2Fwp%2Fv2%2Fcategories&post=45733"},{"taxonomy":"post_tag","embeddable":true,"href":"https:\/\/diadianoticias.com.br\/index.php?rest_route=%2Fwp%2Fv2%2Ftags&post=45733"}],"curies":[{"name":"wp","href":"https:\/\/api.w.org\/{rel}","templated":true}]}}