{"id":45730,"date":"2022-05-10T18:00:09","date_gmt":"2022-05-10T18:00:09","guid":{"rendered":"https:\/\/diadianoticias.com.br\/?p=45730"},"modified":"2022-05-10T18:00:11","modified_gmt":"2022-05-10T18:00:11","slug":"detran-pr-leiloa-10-475-veiculos-nas-condicoes-de-sucata-reciclagem-e-aptos-a-circulacao","status":"publish","type":"post","link":"https:\/\/diadianoticias.com.br\/?p=45730","title":{"rendered":"Detran-PR leiloa 10.475 ve\u00edculos nas condi\u00e7\u00f5es de sucata, reciclagem e aptos \u00e0 circula\u00e7\u00e3o"},"content":{"rendered":"\n<div class=\"wp-block-image\"><figure class=\"aligncenter size-large\"><a href=\"https:\/\/diadianoticias.com.br\/wp-content\/uploads\/2022\/05\/foto35-1536x1024-1.jpg\"><img loading=\"lazy\" decoding=\"async\" width=\"1024\" height=\"683\" src=\"https:\/\/diadianoticias.com.br\/wp-content\/uploads\/2022\/05\/foto35-1536x1024-1-1024x683.jpg\" alt=\"\" class=\"wp-image-45731\" srcset=\"https:\/\/diadianoticias.com.br\/wp-content\/uploads\/2022\/05\/foto35-1536x1024-1-1024x683.jpg 1024w, https:\/\/diadianoticias.com.br\/wp-content\/uploads\/2022\/05\/foto35-1536x1024-1-300x200.jpg 300w, https:\/\/diadianoticias.com.br\/wp-content\/uploads\/2022\/05\/foto35-1536x1024-1-768x512.jpg 768w, https:\/\/diadianoticias.com.br\/wp-content\/uploads\/2022\/05\/foto35-1536x1024-1.jpg 1536w\" sizes=\"auto, (max-width: 1024px) 100vw, 1024px\" \/><\/a><\/figure><\/div>\n\n\n\n<p>O Departamento de Tr\u00e2nsito do Paran\u00e1 (Detran-PR) vai leiloar neste m\u00eas 10.475 ve\u00edculos \u2013 161 aptos \u00e0 circula\u00e7\u00e3o, 8.986 para reciclagem e 1.328 na condi\u00e7\u00e3o de sucata para reaproveitamento de pe\u00e7as. Os leil\u00f5es est\u00e3o divididos em tr\u00eas lotes.<\/p>\n\n\n\n<p>Poder\u00e3o participar dos leil\u00f5es pessoas f\u00edsicas e jur\u00eddicas, portadoras de CPF ou CNPJ, documento de identidade e maiores de 18 anos, conforme regras descritas nos Editais, tamb\u00e9m dispon\u00edveis no site&nbsp;<a href=\"https:\/\/www.detran.pr.gov.br\/\" target=\"_blank\" rel=\"noreferrer noopener\">www.detran.pr.gov.br<\/a>.<\/p>\n\n\n\n<p><strong>LOTE 1<\/strong>&nbsp;\u2013 1.328 ve\u00edculos recolhidos pelas autoridades de tr\u00e2nsito, na condi\u00e7\u00e3o de&nbsp;sucata, baixados no Registro Nacional de Ve\u00edculos Automotores (Renavam). N\u00e3o podem ser registrados ou licenciados, sendo absolutamente proibida a circula\u00e7\u00e3o em via p\u00fablica, destinando-se exclusivamente para desmonte e reaproveitamento comercial de suas pe\u00e7as e partes met\u00e1licas.<\/p>\n\n\n\n<p>As sucatas poder\u00e3o ser examinadas nos locais onde est\u00e3o depositadas, de segunda a sexta-feira, nos 10 dias que antecedem ao leil\u00e3o, das 8h \u00e0s 14h. As autoriza\u00e7\u00f5es para acesso devem ser obtidas nos respectivos endere\u00e7os, conforme o&nbsp;<a href=\"https:\/\/www.aen.pr.gov.br\/sites\/default\/arquivos_restritos\/files\/documento\/2022-05\/1005leilao1.pdf\" target=\"_blank\" rel=\"noreferrer noopener\">Edital n\u00ba 001\/2022<\/a>&nbsp;. \u00c9 exigida a apresenta\u00e7\u00e3o de documento de identidade reconhecido por lei federal.<\/p>\n\n\n\n<p><strong>LOTE 2<\/strong>&nbsp;\u2013 8.986 ve\u00edculos na condi\u00e7\u00e3o de&nbsp;reciclagem, baixados no Renavam, totalizando 3.321,98 toneladas de materiais ferrosos, n\u00e3o podendo ser registrados ou licenciados, sendo absolutamente proibida a circula\u00e7\u00e3o em via p\u00fablica, assim como a comercializa\u00e7\u00e3o de pe\u00e7as ou partes met\u00e1licas, destinando-se exclusivamente para reciclagem. Mais detalhes e locais para visita\u00e7\u00e3o constam no&nbsp;<a href=\"https:\/\/www.aen.pr.gov.br\/sites\/default\/arquivos_restritos\/files\/documento\/2022-05\/1005leilao2.pdf\" target=\"_blank\" rel=\"noreferrer noopener\">Edital 002\/2022<\/a>&nbsp;.<\/p>\n\n\n\n<p><strong>LOTE 3&nbsp;<\/strong>\u2013&nbsp;161 ve\u00edculos aptos \u00e0&nbsp;circula\u00e7\u00e3o&nbsp;em via p\u00fablica, que foram recolhidos pela Pol\u00edcia Militar e n\u00e3o retirados por seus propriet\u00e1rios dentro dos prazos e na forma da legisla\u00e7\u00e3o.<\/p>\n\n\n\n<p>Eles podem ser examinados nos locais onde se encontram, de segunda a sexta-feira, das 8h \u00e0s 14h, nos 10 dias que antecedem o leil\u00e3o. As autoriza\u00e7\u00f5es para acesso dever\u00e3o ser obtidas nos respectivos endere\u00e7os, respeitando as regras estabelecidas no&nbsp;<a href=\"https:\/\/www.aen.pr.gov.br\/sites\/default\/arquivos_restritos\/files\/documento\/2022-05\/1005leilao3.pdf\" target=\"_blank\" rel=\"noreferrer noopener\">Edital n\u00ba 003\/2022<\/a>&nbsp;.<\/p>\n\n\n\n<p>____________________<\/p>\n\n\n\n<p><strong>Servi\u00e7o:<\/strong><\/p>\n\n\n\n<p><strong>LOTE 1<\/strong><\/p>\n\n\n\n<p>1.328 ve\u00edculos destinados \u00e0 sucata<\/p>\n\n\n\n<p>Data: 24 de maio<\/p>\n\n\n\n<p>Hor\u00e1rio:&nbsp;9 horas<\/p>\n\n\n\n<p>Local:&nbsp;on-line, atrav\u00e9s do site&nbsp;<a href=\"https:\/\/www.sfleiloes.com.br\/\" target=\"_blank\" rel=\"noreferrer noopener\">www.sfleiloes.com.br<\/a><\/p>\n\n\n\n<p>Total avalia\u00e7\u00e3o: R$ 1.270.700,00<\/p>\n\n\n\n<p><strong>LOTE 2<\/strong><\/p>\n\n\n\n<p>8.986 ve\u00edculos na condi\u00e7\u00e3o de materiais ferrosos para reciclagem, resultante da tritura\u00e7\u00e3o das sucatas de ve\u00edculos e materiais inserv\u00edveis.<\/p>\n\n\n\n<p>Data:&nbsp;23 de maio<\/p>\n\n\n\n<p>Hor\u00e1rio:&nbsp;10 horas<\/p>\n\n\n\n<p>Local: on-line, atrav\u00e9s do site&nbsp;<a href=\"https:\/\/www.psnleiloes.com.br\/\" target=\"_blank\" rel=\"noreferrer noopener\">www.psnleiloes.com.br<\/a><\/p>\n\n\n\n<p>Total avalia\u00e7\u00e3o:&nbsp;R$ 0,30 (trinta centavos) o valor do kg do material ferroso a ser reciclado.<\/p>\n\n\n\n<p><strong>LOTE 3<\/strong><\/p>\n\n\n\n<p>161 ve\u00edculos destinados \u00e0 circula\u00e7\u00e3o<\/p>\n\n\n\n<p>Data:&nbsp;31 de maio<\/p>\n\n\n\n<p>Hor\u00e1rio: 9 horas<\/p>\n\n\n\n<p>Local:&nbsp;on-line, atrav\u00e9s do site&nbsp;<a href=\"https:\/\/www.kronbergleiloes.com.br\/\" target=\"_blank\" rel=\"noreferrer noopener\">www.kronbergleiloes.com.br<\/a><\/p>\n\n\n\n<p>Total avalia\u00e7\u00e3o:&nbsp;R$ 402.800,00<\/p>\n\n\n\n<p><em>Ag\u00eancia Estadual de Not\u00edcias<\/em><\/p>\n","protected":false},"excerpt":{"rendered":"<div class=\"mh-excerpt\"><p>O Departamento de Tr\u00e2nsito do Paran\u00e1 (Detran-PR) vai leiloar neste m\u00eas 10.475 ve\u00edculos \u2013 161 aptos \u00e0 circula\u00e7\u00e3o, 8.986 para reciclagem e 1.328 na condi\u00e7\u00e3o de sucata para reaproveitamento de pe\u00e7as. Os leil\u00f5es est\u00e3o divididos <a class=\"mh-excerpt-more\" href=\"https:\/\/diadianoticias.com.br\/?p=45730\" title=\"Detran-PR leiloa 10.475 ve\u00edculos nas condi\u00e7\u00f5es de sucata, reciclagem e aptos \u00e0 circula\u00e7\u00e3o\">[&#8230;]<\/a><\/p>\n<\/div>","protected":false},"author":4,"featured_media":45731,"comment_status":"open","ping_status":"open","sticky":false,"template":"","format":"standard","meta":{"footnotes":""},"categories":[32,14],"tags":[],"class_list":{"0":"post-45730","1":"post","2":"type-post","3":"status-publish","4":"format-standard","5":"has-post-thumbnail","7":"category-destaque","8":"category-paran"},"_links":{"self":[{"href":"https:\/\/diadianoticias.com.br\/index.php?rest_route=\/wp\/v2\/posts\/45730","targetHints":{"allow":["GET"]}}],"collection":[{"href":"https:\/\/diadianoticias.com.br\/index.php?rest_route=\/wp\/v2\/posts"}],"about":[{"href":"https:\/\/diadianoticias.com.br\/index.php?rest_route=\/wp\/v2\/types\/post"}],"author":[{"embeddable":true,"href":"https:\/\/diadianoticias.com.br\/index.php?rest_route=\/wp\/v2\/users\/4"}],"replies":[{"embeddable":true,"href":"https:\/\/diadianoticias.com.br\/index.php?rest_route=%2Fwp%2Fv2%2Fcomments&post=45730"}],"version-history":[{"count":1,"href":"https:\/\/diadianoticias.com.br\/index.php?rest_route=\/wp\/v2\/posts\/45730\/revisions"}],"predecessor-version":[{"id":45732,"href":"https:\/\/diadianoticias.com.br\/index.php?rest_route=\/wp\/v2\/posts\/45730\/revisions\/45732"}],"wp:featuredmedia":[{"embeddable":true,"href":"https:\/\/diadianoticias.com.br\/index.php?rest_route=\/wp\/v2\/media\/45731"}],"wp:attachment":[{"href":"https:\/\/diadianoticias.com.br\/index.php?rest_route=%2Fwp%2Fv2%2Fmedia&parent=45730"}],"wp:term":[{"taxonomy":"category","embeddable":true,"href":"https:\/\/diadianoticias.com.br\/index.php?rest_route=%2Fwp%2Fv2%2Fcategories&post=45730"},{"taxonomy":"post_tag","embeddable":true,"href":"https:\/\/diadianoticias.com.br\/index.php?rest_route=%2Fwp%2Fv2%2Ftags&post=45730"}],"curies":[{"name":"wp","href":"https:\/\/api.w.org\/{rel}","templated":true}]}}