{"id":44637,"date":"2022-01-21T14:24:43","date_gmt":"2022-01-21T14:24:43","guid":{"rendered":"https:\/\/diadianoticias.com.br\/?p=44637"},"modified":"2022-01-21T14:24:46","modified_gmt":"2022-01-21T14:24:46","slug":"riscos-da-omicron-sao-50-a-60-inferiores-aos-da-variante-delta","status":"publish","type":"post","link":"https:\/\/diadianoticias.com.br\/?p=44637","title":{"rendered":"Riscos da \u00d4micron s\u00e3o 50% a 60% inferiores aos da variante Delta"},"content":{"rendered":"\n<div class=\"wp-block-image\"><figure class=\"aligncenter size-large\"><a href=\"https:\/\/diadianoticias.com.br\/wp-content\/uploads\/2022\/01\/omicron.jpg\"><img loading=\"lazy\" decoding=\"async\" width=\"1024\" height=\"613\" src=\"https:\/\/diadianoticias.com.br\/wp-content\/uploads\/2022\/01\/omicron-1024x613.jpg\" alt=\"\" class=\"wp-image-44638\" srcset=\"https:\/\/diadianoticias.com.br\/wp-content\/uploads\/2022\/01\/omicron-1024x613.jpg 1024w, https:\/\/diadianoticias.com.br\/wp-content\/uploads\/2022\/01\/omicron-300x179.jpg 300w, https:\/\/diadianoticias.com.br\/wp-content\/uploads\/2022\/01\/omicron-768x459.jpg 768w, https:\/\/diadianoticias.com.br\/wp-content\/uploads\/2022\/01\/omicron.jpg 1170w\" sizes=\"auto, (max-width: 1024px) 100vw, 1024px\" \/><\/a><\/figure><\/div>\n\n\n\n<p>A variante \u00d4micron do novo coronav\u00edrus SARS-CoV-2, respons\u00e1vel por dois ter\u00e7os dos novos casos de covid-19 na Europa, representa menos 50% a 60% de risco de hospitaliza\u00e7\u00e3o e morte do que cepas&nbsp;anteriores, como a Delta, anunciou hoje (21) o&nbsp;Centro Europeu de Preven\u00e7\u00e3o e Controle&nbsp;de&nbsp;Doen\u00e7as (ECDC).<img decoding=\"async\" src=\"https:\/\/agenciabrasil.ebc.com.br\/ebc.png?id=1437942&amp;o=node\"><img decoding=\"async\" src=\"https:\/\/agenciabrasil.ebc.com.br\/ebc.gif?id=1437942&amp;o=node\"><\/p>\n\n\n\n<p>Em relat\u00f3rio divulgado nesta sexta-feira&nbsp;com atualiza\u00e7\u00e3o epidemiol\u00f3gica, o ECDC&nbsp;diz que&nbsp;a \u00d4micron foi identificada em todos os pa\u00edses da Uni\u00e3o Europeia e Espa\u00e7o Econ\u00f4mico Europeu, com&nbsp;\u201cpreval\u00eancia estimada de 69,4%\u201d, 20% a mais que na&nbsp;semana anterior.<\/p>\n\n\n\n<p>Estudos&nbsp;feitos em v\u00e1rios cen\u00e1rios mostraram&nbsp;que risco de hospitaliza\u00e7\u00e3o foi menor para a \u00d4micron do que para a variante Delta. Considerando&nbsp;a imunidade pr\u00e9via \u00e0 infec\u00e7\u00e3o,&nbsp;a vacina\u00e7\u00e3o, incluindo doses de refor\u00e7o, e as melhores op\u00e7\u00f5es de tratamento contribuem para resultados menos graves, o que torna dif\u00edcil estimar o risco inerente de infec\u00e7\u00e3o grave\u201d, afirma a ag\u00eancia europeia.<\/p>\n\n\n\n<p>Ainda assim, \u201ca maioria dos estudos encontrou redu\u00e7\u00e3o de&nbsp;risco da ordem de&nbsp;50% a 60%\u201d, acrescenta.<\/p>\n\n\n\n<p>Dados divulgados&nbsp;pelo centro europeu mostram&nbsp;que, do total de 155,15&nbsp;mil casos da variante \u00d4micron, comunicados entre os dias 20 de dezembro de 2021 e 9 de janeiro deste ano, 1,14% resultaram em internamentos, 0,16% implicaram apoio respirat\u00f3rio nas unidades de cuidados intensivos e 0,06%, mortes.<\/p>\n\n\n\n<p>Estudos iniciais sugerem que vacinas atuais podem ser menos eficazes contra \u00d4micron, embora proporcionem prote\u00e7\u00e3o contra hospitaliza\u00e7\u00e3o e doen\u00e7as graves. Considerando&nbsp;a vantagem do crescimento&nbsp;da propaga\u00e7\u00e3o e o elevado n\u00famero de casos, quaisquer benef\u00edcios observados, de menor&nbsp;gravidade da doen\u00e7a, podem ser ultrapassados pelo simples n\u00famero de resultados graves ao longo do tempo, alerta o ECDC.<\/p>\n\n\n\n<p>A ag\u00eancia europeia fala, por isso, em n\u00edvel global de risco muito elevado para a sa\u00fade p\u00fablica, associado \u00e0 emerg\u00eancia e propaga\u00e7\u00e3o da \u00d4micron.<\/p>\n\n\n\n<p>\u201cEstados-membros devem avaliar urgentemente os n\u00edveis aceit\u00e1veis de riscos residuais, a&nbsp;capacidade&nbsp;atual&nbsp;do sistema de sa\u00fade e as op\u00e7\u00f5es dispon\u00edveis de gest\u00e3o de riscos, por exemplo, adotando medidas de conting\u00eancia\u201d, sugere&nbsp;o ECDC.<\/p>\n\n\n\n<p>A posi\u00e7\u00e3o \u00e9 manifestada em momento&nbsp;de elevado ressurgimento de casos de infec\u00e7\u00e3o pelo&nbsp;SARS-CoV-2, que ainda assim n\u00e3o representam elevadas taxas de interna\u00e7\u00e3o&nbsp;ou&nbsp;morte. A elevada capacidade de transmiss\u00e3o da nova cepa contribui para o elevado n\u00famero de caso, que batem recordes di\u00e1rios.<\/p>\n\n\n\n<p>O ECDC diz que a m\u00e9dia de idade dos atingidos pela \u00d4micron&nbsp;\u00e9 de 20 a 33 anos e que a transmiss\u00e3o ocorre principalmente em&nbsp;n\u00edvel local, sendo apenas 7% de&nbsp;casos importados ou relacionados com viagens.<\/p>\n\n\n\n<p>A covid-19 provocou 5,55 milh\u00f5es de&nbsp;mortes em todo o mundo desde o in\u00edcio da pandemia.<\/p>\n\n\n\n<p>A doen\u00e7a respirat\u00f3ria \u00e9 provocada pelo coronav\u00edrus SARS-CoV-2, detectado no fim de 2019 em Wuhan, cidade do centro da China.<\/p>\n\n\n\n<p><em>Ag\u00eancia Brasil<\/em><\/p>\n\n\n\n<p><em>(Fonte: tasabendo.com.br)<\/em><\/p>\n","protected":false},"excerpt":{"rendered":"<div class=\"mh-excerpt\"><p>A variante \u00d4micron do novo coronav\u00edrus SARS-CoV-2, respons\u00e1vel por dois ter\u00e7os dos novos casos de covid-19 na Europa, representa menos 50% a 60% de risco de hospitaliza\u00e7\u00e3o e morte do que cepas&nbsp;anteriores, como a Delta, <a class=\"mh-excerpt-more\" href=\"https:\/\/diadianoticias.com.br\/?p=44637\" title=\"Riscos da \u00d4micron s\u00e3o 50% a 60% inferiores aos da variante Delta\">[&#8230;]<\/a><\/p>\n<\/div>","protected":false},"author":4,"featured_media":44638,"comment_status":"open","ping_status":"open","sticky":false,"template":"","format":"standard","meta":{"footnotes":""},"categories":[32,14],"tags":[],"class_list":{"0":"post-44637","1":"post","2":"type-post","3":"status-publish","4":"format-standard","5":"has-post-thumbnail","7":"category-destaque","8":"category-paran"},"_links":{"self":[{"href":"https:\/\/diadianoticias.com.br\/index.php?rest_route=\/wp\/v2\/posts\/44637","targetHints":{"allow":["GET"]}}],"collection":[{"href":"https:\/\/diadianoticias.com.br\/index.php?rest_route=\/wp\/v2\/posts"}],"about":[{"href":"https:\/\/diadianoticias.com.br\/index.php?rest_route=\/wp\/v2\/types\/post"}],"author":[{"embeddable":true,"href":"https:\/\/diadianoticias.com.br\/index.php?rest_route=\/wp\/v2\/users\/4"}],"replies":[{"embeddable":true,"href":"https:\/\/diadianoticias.com.br\/index.php?rest_route=%2Fwp%2Fv2%2Fcomments&post=44637"}],"version-history":[{"count":1,"href":"https:\/\/diadianoticias.com.br\/index.php?rest_route=\/wp\/v2\/posts\/44637\/revisions"}],"predecessor-version":[{"id":44639,"href":"https:\/\/diadianoticias.com.br\/index.php?rest_route=\/wp\/v2\/posts\/44637\/revisions\/44639"}],"wp:featuredmedia":[{"embeddable":true,"href":"https:\/\/diadianoticias.com.br\/index.php?rest_route=\/wp\/v2\/media\/44638"}],"wp:attachment":[{"href":"https:\/\/diadianoticias.com.br\/index.php?rest_route=%2Fwp%2Fv2%2Fmedia&parent=44637"}],"wp:term":[{"taxonomy":"category","embeddable":true,"href":"https:\/\/diadianoticias.com.br\/index.php?rest_route=%2Fwp%2Fv2%2Fcategories&post=44637"},{"taxonomy":"post_tag","embeddable":true,"href":"https:\/\/diadianoticias.com.br\/index.php?rest_route=%2Fwp%2Fv2%2Ftags&post=44637"}],"curies":[{"name":"wp","href":"https:\/\/api.w.org\/{rel}","templated":true}]}}