{"id":44606,"date":"2022-01-18T19:33:23","date_gmt":"2022-01-18T19:33:23","guid":{"rendered":"https:\/\/diadianoticias.com.br\/?p=44606"},"modified":"2022-01-18T19:33:25","modified_gmt":"2022-01-18T19:33:25","slug":"saude-lanca-nova-versao-da-caderneta-de-saude-para-criancas","status":"publish","type":"post","link":"https:\/\/diadianoticias.com.br\/?p=44606","title":{"rendered":"Sa\u00fade lan\u00e7a nova vers\u00e3o da caderneta de sa\u00fade para crian\u00e7as"},"content":{"rendered":"\n<figure class=\"wp-block-image size-large\"><a href=\"https:\/\/diadianoticias.com.br\/wp-content\/uploads\/2022\/01\/foto73.jpg\"><img loading=\"lazy\" decoding=\"async\" width=\"1024\" height=\"613\" src=\"https:\/\/diadianoticias.com.br\/wp-content\/uploads\/2022\/01\/foto73-1024x613.jpg\" alt=\"\" class=\"wp-image-44607\" srcset=\"https:\/\/diadianoticias.com.br\/wp-content\/uploads\/2022\/01\/foto73-1024x613.jpg 1024w, https:\/\/diadianoticias.com.br\/wp-content\/uploads\/2022\/01\/foto73-300x179.jpg 300w, https:\/\/diadianoticias.com.br\/wp-content\/uploads\/2022\/01\/foto73-768x459.jpg 768w, https:\/\/diadianoticias.com.br\/wp-content\/uploads\/2022\/01\/foto73.jpg 1170w\" sizes=\"auto, (max-width: 1024px) 100vw, 1024px\" \/><\/a><\/figure>\n\n\n\n<p>O Minist\u00e9rio da Sa\u00fade enviar\u00e1 at\u00e9 mar\u00e7o a estados e munic\u00edpios uma nova vers\u00e3o da caderneta de sa\u00fade. O documento \u00e9 um instrumento de orienta\u00e7\u00e3o para pais e respons\u00e1veis no processo de acompanhamento do desenvolvimento de suas crian\u00e7as.<img decoding=\"async\" src=\"https:\/\/agenciabrasil.ebc.com.br\/ebc.png?id=1437349&amp;o=node\"><img decoding=\"async\" src=\"https:\/\/agenciabrasil.ebc.com.br\/ebc.gif?id=1437349&amp;o=node\"><\/p>\n\n\n\n<p>A nova vers\u00e3o traz um recurso para identificar crian\u00e7as com poss\u00edvel Transtorno do Espectro Autista (TEA). O instrumento, chamado&nbsp;<em>checklist<\/em>&nbsp;M-CHART-R\/F, \u00e9 utilizado para acompanhar pessoas entre os 18 e os 30 meses de vida.<\/p>\n\n\n\n<p>A avalia\u00e7\u00e3o pelo instrumento M-CHART-R\/F deve ser conduzida em consultas de unidades de atendimento do Sistema \u00danico de Sa\u00fade (SUS). A orienta\u00e7\u00e3o \u00e9 que ela seja feita na consulta de puericultura, aos 18 meses de vida. A an\u00e1lise \u00e9 aplicada por profissionais de sa\u00fade que realizam a consulta, com respostas apresentadas pelos pais.<\/p>\n\n\n\n<p>Outro item inclu\u00eddo na nova vers\u00e3o da caderneta foi um conjunto de orienta\u00e7\u00f5es acerca de como detectar sinais de albinismo. Essa condi\u00e7\u00e3o \u00e9 um dist\u00farbio gen\u00e9tico marcado pela falta total ou parcial de melanina, o que impacta a cor dos indiv\u00edduos. A identifica\u00e7\u00e3o do albinismo \u00e9 importante pois a condi\u00e7\u00e3o implica cuidados espec\u00edficos.<\/p>\n\n\n\n<p>Segundo o Minist\u00e9rio da Sa\u00fade, foram inclu\u00eddas tamb\u00e9m sugest\u00f5es de pr\u00e1ticas entre pais e filhos, como o est\u00edmulo \u00e0 leitura.<\/p>\n\n\n\n<p>Toda pessoa tem direito a receber uma caderneta de sa\u00fade. Os familiares que quiserem adquirir uma para sua crian\u00e7a deve buscar as unidades b\u00e1sicas de sa\u00fade da sua cidade ou consultar as secretarias de sa\u00fade sobre como obter o documento.<\/p>\n\n\n\n<p>Mas o Minist\u00e9rio esclarece que n\u00e3o h\u00e1 necessidade de substituir a antiga caderneta pela nova vers\u00e3o. A vers\u00e3o anterior pode atender as crian\u00e7as at\u00e9 os nove anos de idade.<\/p>\n\n\n\n<p><em>Ag\u00eancia Brasil<\/em><\/p>\n\n\n\n<p><em>(Fonte: tasabendo.com.br)<\/em><\/p>\n","protected":false},"excerpt":{"rendered":"<div class=\"mh-excerpt\"><p>O Minist\u00e9rio da Sa\u00fade enviar\u00e1 at\u00e9 mar\u00e7o a estados e munic\u00edpios uma nova vers\u00e3o da caderneta de sa\u00fade. O documento \u00e9 um instrumento de orienta\u00e7\u00e3o para pais e respons\u00e1veis no processo de acompanhamento do desenvolvimento <a class=\"mh-excerpt-more\" href=\"https:\/\/diadianoticias.com.br\/?p=44606\" title=\"Sa\u00fade lan\u00e7a nova vers\u00e3o da caderneta de sa\u00fade para crian\u00e7as\">[&#8230;]<\/a><\/p>\n<\/div>","protected":false},"author":4,"featured_media":44607,"comment_status":"open","ping_status":"open","sticky":false,"template":"","format":"standard","meta":{"footnotes":""},"categories":[32,9],"tags":[],"class_list":{"0":"post-44606","1":"post","2":"type-post","3":"status-publish","4":"format-standard","5":"has-post-thumbnail","7":"category-destaque","8":"category-nacionais"},"_links":{"self":[{"href":"https:\/\/diadianoticias.com.br\/index.php?rest_route=\/wp\/v2\/posts\/44606","targetHints":{"allow":["GET"]}}],"collection":[{"href":"https:\/\/diadianoticias.com.br\/index.php?rest_route=\/wp\/v2\/posts"}],"about":[{"href":"https:\/\/diadianoticias.com.br\/index.php?rest_route=\/wp\/v2\/types\/post"}],"author":[{"embeddable":true,"href":"https:\/\/diadianoticias.com.br\/index.php?rest_route=\/wp\/v2\/users\/4"}],"replies":[{"embeddable":true,"href":"https:\/\/diadianoticias.com.br\/index.php?rest_route=%2Fwp%2Fv2%2Fcomments&post=44606"}],"version-history":[{"count":1,"href":"https:\/\/diadianoticias.com.br\/index.php?rest_route=\/wp\/v2\/posts\/44606\/revisions"}],"predecessor-version":[{"id":44608,"href":"https:\/\/diadianoticias.com.br\/index.php?rest_route=\/wp\/v2\/posts\/44606\/revisions\/44608"}],"wp:featuredmedia":[{"embeddable":true,"href":"https:\/\/diadianoticias.com.br\/index.php?rest_route=\/wp\/v2\/media\/44607"}],"wp:attachment":[{"href":"https:\/\/diadianoticias.com.br\/index.php?rest_route=%2Fwp%2Fv2%2Fmedia&parent=44606"}],"wp:term":[{"taxonomy":"category","embeddable":true,"href":"https:\/\/diadianoticias.com.br\/index.php?rest_route=%2Fwp%2Fv2%2Fcategories&post=44606"},{"taxonomy":"post_tag","embeddable":true,"href":"https:\/\/diadianoticias.com.br\/index.php?rest_route=%2Fwp%2Fv2%2Ftags&post=44606"}],"curies":[{"name":"wp","href":"https:\/\/api.w.org\/{rel}","templated":true}]}}