{"id":44406,"date":"2021-12-15T20:28:59","date_gmt":"2021-12-15T20:28:59","guid":{"rendered":"https:\/\/diadianoticias.com.br\/?p=44406"},"modified":"2021-12-15T20:29:01","modified_gmt":"2021-12-15T20:29:01","slug":"omicron-propaga-se-pelo-mundo-em-ritmo-sem-precedentes-alerta-oms","status":"publish","type":"post","link":"https:\/\/diadianoticias.com.br\/?p=44406","title":{"rendered":"\u00d4micron propaga-se pelo mundo em ritmo sem precedentes, alerta OMS"},"content":{"rendered":"\n<div class=\"wp-block-image\"><figure class=\"aligncenter size-large\"><a href=\"https:\/\/diadianoticias.com.br\/wp-content\/uploads\/2021\/12\/Foto53.jpg\"><img loading=\"lazy\" decoding=\"async\" width=\"1024\" height=\"613\" src=\"https:\/\/diadianoticias.com.br\/wp-content\/uploads\/2021\/12\/Foto53-1024x613.jpg\" alt=\"\" class=\"wp-image-44407\" srcset=\"https:\/\/diadianoticias.com.br\/wp-content\/uploads\/2021\/12\/Foto53-1024x613.jpg 1024w, https:\/\/diadianoticias.com.br\/wp-content\/uploads\/2021\/12\/Foto53-300x179.jpg 300w, https:\/\/diadianoticias.com.br\/wp-content\/uploads\/2021\/12\/Foto53-768x459.jpg 768w, https:\/\/diadianoticias.com.br\/wp-content\/uploads\/2021\/12\/Foto53.jpg 1170w\" sizes=\"auto, (max-width: 1024px) 100vw, 1024px\" \/><\/a><\/figure><\/div>\n\n\n\n<p>A nova variante do coronav\u00edrus, a \u00d4micron, j\u00e1 est\u00e1 presente em 77 pa\u00edses e a alastrar-se a um ritmo sem precedentes. O alerta&nbsp;\u00e9 da Organiza\u00e7\u00e3o Mundial da Sa\u00fade (OMS).<img decoding=\"async\" src=\"https:\/\/agenciabrasil.ebc.com.br\/ebc.png?id=1432066&amp;o=node\"><img decoding=\"async\" src=\"https:\/\/agenciabrasil.ebc.com.br\/ebc.gif?id=1432066&amp;o=node\"><\/p>\n\n\n\n<p>V\u00e1rios pa\u00edses come\u00e7am a adotar medidas mais restritivas para conter&nbsp;o aumento de infec\u00e7\u00f5es.<\/p>\n\n\n\n<p><strong>CENTRO EUROPEU<\/strong><\/p>\n\n\n\n<p>O Centro Europeu de Preven\u00e7\u00e3o e Controle de Doen\u00e7as (ECDC) considerou hoje que a \u00d4micron, nova variante do v\u00edrus SARS-CoV-2, representa risco \u201cmuito elevado\u201d e exige medidas \u201curgentes e fortes\u201d, de modo a proteger os sistemas de sa\u00fade.<\/p>\n\n\n\n<p>Numa avalia\u00e7\u00e3o de risco atualizada e divulgada nesta quarta-feira, o ECDC diz&nbsp;que a \u00d4micron dever\u00e1 suceder a&nbsp;Delta como a variante dominante na Uni\u00e3o Europeia (UE) no in\u00edcio de 2022. J\u00e1&nbsp;se assiste \u00e0&nbsp;transmiss\u00e3o comunit\u00e1ria dentro da Europa, e os dados preliminares dispon\u00edveis n\u00e3o descartam \u201cuma redu\u00e7\u00e3o significativa da efic\u00e1cia das vacinas\u201d contra essa estirpe.<\/p>\n\n\n\n<p>Desse modo, e porque os pa\u00edses da UE ainda enfrentam o impacto severo&nbsp;da variante Delta, \u201cum novo aumento das hospitaliza\u00e7\u00f5es poder\u00e1 rapidamente sobrecarregar os sistemas de sa\u00fade\u201d.<\/p>\n\n\n\n<p>\u201cCom base nas provas limitadas atualmente dispon\u00edveis, e dado o elevado n\u00edvel de incerteza, o n\u00edvel global de risco para a sa\u00fade p\u00fablica, associado \u00e0 emerg\u00eancia e propaga\u00e7\u00e3o da \u00d4micron, \u00e9 avaliado como muito elevado\u201d, diz&nbsp;o centro europeu, que recomenda uma \u201ca\u00e7\u00e3o urgente e forte\u201d para reduzir a transmiss\u00e3o do v\u00edrus, \u201ca fim de aliviar a j\u00e1 pesada carga sobre os sistemas de sa\u00fade e proteger os mais vulner\u00e1veis nos pr\u00f3ximos meses\u201d.<\/p>\n\n\n\n<p>Segundo o ECDC, \u00e9 necess\u00e1ria \u201ca r\u00e1pida reintrodu\u00e7\u00e3o e o refor\u00e7o das interven\u00e7\u00f5es n\u00e3o farmac\u00eauticas\u201d para reduzir a transmiss\u00e3o da Delta e retardar a propaga\u00e7\u00e3o da \u00d4micron, mantendo sob controle&nbsp;a carga sobre os cuidados de sa\u00fade.<\/p>\n\n\n\n<p><em>Ag\u00eancia Brasil<\/em><\/p>\n\n\n\n<p>(Fonte: tasabendo.com.br)<\/p>\n","protected":false},"excerpt":{"rendered":"<div class=\"mh-excerpt\"><p>A nova variante do coronav\u00edrus, a \u00d4micron, j\u00e1 est\u00e1 presente em 77 pa\u00edses e a alastrar-se a um ritmo sem precedentes. O alerta&nbsp;\u00e9 da Organiza\u00e7\u00e3o Mundial da Sa\u00fade (OMS). V\u00e1rios pa\u00edses come\u00e7am a adotar medidas <a class=\"mh-excerpt-more\" href=\"https:\/\/diadianoticias.com.br\/?p=44406\" title=\"\u00d4micron propaga-se pelo mundo em ritmo sem precedentes, alerta OMS\">[&#8230;]<\/a><\/p>\n<\/div>","protected":false},"author":4,"featured_media":44407,"comment_status":"open","ping_status":"open","sticky":false,"template":"","format":"standard","meta":{"footnotes":""},"categories":[32,19],"tags":[],"class_list":{"0":"post-44406","1":"post","2":"type-post","3":"status-publish","4":"format-standard","5":"has-post-thumbnail","7":"category-destaque","8":"category-saude"},"_links":{"self":[{"href":"https:\/\/diadianoticias.com.br\/index.php?rest_route=\/wp\/v2\/posts\/44406","targetHints":{"allow":["GET"]}}],"collection":[{"href":"https:\/\/diadianoticias.com.br\/index.php?rest_route=\/wp\/v2\/posts"}],"about":[{"href":"https:\/\/diadianoticias.com.br\/index.php?rest_route=\/wp\/v2\/types\/post"}],"author":[{"embeddable":true,"href":"https:\/\/diadianoticias.com.br\/index.php?rest_route=\/wp\/v2\/users\/4"}],"replies":[{"embeddable":true,"href":"https:\/\/diadianoticias.com.br\/index.php?rest_route=%2Fwp%2Fv2%2Fcomments&post=44406"}],"version-history":[{"count":1,"href":"https:\/\/diadianoticias.com.br\/index.php?rest_route=\/wp\/v2\/posts\/44406\/revisions"}],"predecessor-version":[{"id":44408,"href":"https:\/\/diadianoticias.com.br\/index.php?rest_route=\/wp\/v2\/posts\/44406\/revisions\/44408"}],"wp:featuredmedia":[{"embeddable":true,"href":"https:\/\/diadianoticias.com.br\/index.php?rest_route=\/wp\/v2\/media\/44407"}],"wp:attachment":[{"href":"https:\/\/diadianoticias.com.br\/index.php?rest_route=%2Fwp%2Fv2%2Fmedia&parent=44406"}],"wp:term":[{"taxonomy":"category","embeddable":true,"href":"https:\/\/diadianoticias.com.br\/index.php?rest_route=%2Fwp%2Fv2%2Fcategories&post=44406"},{"taxonomy":"post_tag","embeddable":true,"href":"https:\/\/diadianoticias.com.br\/index.php?rest_route=%2Fwp%2Fv2%2Ftags&post=44406"}],"curies":[{"name":"wp","href":"https:\/\/api.w.org\/{rel}","templated":true}]}}