{"id":40715,"date":"2021-02-03T12:11:59","date_gmt":"2021-02-03T12:11:59","guid":{"rendered":"https:\/\/diadianoticias.com.br\/?p=40715"},"modified":"2021-02-03T12:12:02","modified_gmt":"2021-02-03T12:12:02","slug":"vizinhos-invadem-e-depredam-casa-onde-menino-era-mantido-em-barril","status":"publish","type":"post","link":"https:\/\/diadianoticias.com.br\/?p=40715","title":{"rendered":"Vizinhos invadem e depredam casa onde menino era mantido em barril"},"content":{"rendered":"\n<div class=\"wp-block-image\"><figure class=\"aligncenter size-large\"><a href=\"https:\/\/diadianoticias.com.br\/wp-content\/uploads\/2021\/02\/casa-da-familia-do-garoto-que-foi-mantido-em-barril-foi-revirada-na-madrugada-1612272863617_v2_900x506.jpg\"><img loading=\"lazy\" decoding=\"async\" width=\"900\" height=\"506\" src=\"https:\/\/diadianoticias.com.br\/wp-content\/uploads\/2021\/02\/casa-da-familia-do-garoto-que-foi-mantido-em-barril-foi-revirada-na-madrugada-1612272863617_v2_900x506.jpg\" alt=\"\" class=\"wp-image-40716\" srcset=\"https:\/\/diadianoticias.com.br\/wp-content\/uploads\/2021\/02\/casa-da-familia-do-garoto-que-foi-mantido-em-barril-foi-revirada-na-madrugada-1612272863617_v2_900x506.jpg 900w, https:\/\/diadianoticias.com.br\/wp-content\/uploads\/2021\/02\/casa-da-familia-do-garoto-que-foi-mantido-em-barril-foi-revirada-na-madrugada-1612272863617_v2_900x506-300x169.jpg 300w, https:\/\/diadianoticias.com.br\/wp-content\/uploads\/2021\/02\/casa-da-familia-do-garoto-que-foi-mantido-em-barril-foi-revirada-na-madrugada-1612272863617_v2_900x506-768x432.jpg 768w, https:\/\/diadianoticias.com.br\/wp-content\/uploads\/2021\/02\/casa-da-familia-do-garoto-que-foi-mantido-em-barril-foi-revirada-na-madrugada-1612272863617_v2_900x506-678x381.jpg 678w\" sizes=\"auto, (max-width: 900px) 100vw, 900px\" \/><\/a><\/figure><\/div>\n\n\n\n<p>Vizinhos da casa onde um menino de 11 anos foi encontrado dentro de um barril, em Campinas (SP), invadiram e depredaram a resid\u00eancia onde a fam\u00edlia vivia. O irm\u00e3o do pai conseguiu evitar que toda a estrutura fosse posta abaixo. O caso continua sob investiga\u00e7\u00e3o e tr\u00eas pessoas est\u00e3o presas.<\/p>\n\n\n\n<p>A invas\u00e3o teria acontecido entre 21h e 22h30. A reportagem apurou que os vizinhos bagun\u00e7aram toda a cozinha, onde havia dezenas de potes com bolachas e biscoitos, al\u00e9m de outros produtos.<\/p>\n\n\n\n<p>O tio da crian\u00e7a, Paulo Henrique dos Santos, que mora no mesmo bairro, ficou sabendo da ocorr\u00eancia e foi at\u00e9 o local. \u201cEu fui l\u00e1 pedir para o pessoal parar com isso. Essa n\u00e3o \u00e9 a forma de se cobrar justi\u00e7a. Meu irm\u00e3o errou, todos sabemos disso. Mas, destruir a casa me parece uma atitude desnecess\u00e1ria\u201d, contou.<\/p>\n\n\n\n<p>A estrutura f\u00edsica da casa n\u00e3o foi danificada, apenas o que havia dentro. A Pol\u00edcia Militar n\u00e3o chegou a ser acionada para atendimento da ocorr\u00eancia. O prefeito D\u00e1rio Saadi (Republicanos) anunciou hoje que abriu uma investiga\u00e7\u00e3o para apurar poss\u00edveis omiss\u00f5es e falhas. O relat\u00f3rio entregue por todas as secretarias apontou, segundo o UOL apurou, alguns problemas na condu\u00e7\u00e3o do caso da fam\u00edlia.<\/p>\n\n\n\n<p>Segundo a prefeitura, a investiga\u00e7\u00e3o ser\u00e1 feita pela Secretaria de Justi\u00e7a, com prazo de 60 dias para a sua conclus\u00e3o, podendo ser prorrogada por mais 30 dias. Tudo ser\u00e1 em sigilo, por envolver um menor de idade. Nem mesmo outros dados poder\u00e3o ser passados.<\/p>\n\n\n\n<p><strong>Pris\u00e3o preventiva<\/strong><\/p>\n\n\n\n<p>Pai, madrasta e meia-irm\u00e3 seguem presos. O Tribunal de Justi\u00e7a de S\u00e3o Paulo transformou a pris\u00e3o em flagrante por preventiva, para que possam aguardar o t\u00e9rmino das investiga\u00e7\u00f5es dos detidos. A Pol\u00edcia Civil j\u00e1 sabe que o menino era mantido havia pelo menos um m\u00eas dentro do barril, alimentado apenas com cascas de banana e fub\u00e1 cru.<\/p>\n\n\n\n<p>O pai da crian\u00e7a, de 31 anos, vai responder por tortura. Madrasta e meia-irm\u00e3, por omiss\u00e3o. Agora, a investiga\u00e7\u00e3o \u00e9 comandada pela 1\u00aa Delegacia de Defesa da Mulher de Campinas, que est\u00e1 ouvindo vizinhos e outros familiares para tentar entender como era a din\u00e2mica familiar, e h\u00e1 quanto tempo o menino era submetido aos maus-tratos.<\/p>\n\n\n\n<p>O garoto segue internado no Hospital Ouro Verde. Segundo a equipe m\u00e9dica, chegou com 27 kg, e precisa pesar 35 kg para ter alta. A informa\u00e7\u00e3o apurada pela reportagem \u00e9 que ele est\u00e1 na casa dos 30 kg neste momento. Apesar de tudo que passou, o estado de sa\u00fade dele \u00e9 considerado \u201cbom\u201d.<\/p>\n\n\n\n<p><strong>Resgate de animais<\/strong><\/p>\n\n\n\n<p>A madrasta era conhecida no bairro por ser uma protetora de animais independente. Ela mantinha na resid\u00eancia seis cachorros e dois gatos. Uma equipe, comandada pelo protetor Symon Castro, fez o resgate destes animais, que agora est\u00e3o em lares provis\u00f3rios. \u201cAssim que soubemos do caso, fomos tirar os cachorros e gatos de l\u00e1. T\u00ednhamos receio de que a popula\u00e7\u00e3o os soltasse\u201d, afirmou Castro. Segundo o protetor, os animais t\u00eam boas condi\u00e7\u00f5es de sa\u00fade e n\u00e3o sofriam maus-tratos. \u201cO que destoa completamente da crian\u00e7a. Ficamos chocados e tristes com isso. Para o pr\u00f3ximo domingo (7), estamos marcando um protesto para pedir o fim dos maus-tratos\u201d, completou.<\/p>\n\n\n\n<p>Ajuda federal ontem, uma reuni\u00e3o de equipes do Minist\u00e9rio da Mulher, da Fam\u00edlia e dos Direitos Humanos, do governo federal, garantiu acompanhamento psicol\u00f3gico ao menino, e an\u00e1lise minuciosa sobre seu futuro, que pode envolver o acolhimento por parentes, uma institui\u00e7\u00e3o ou fam\u00edlia acolhedora. Em nota, o minist\u00e9rio informa que o assunto \u00e9 acompanhado pela Secretaria Nacional dos Direitos da Crian\u00e7a e do Adolescente. Ainda segundo o governo, outros encaminhamentos foram realizados com o \u201cobjetivo de fortalecer a Rede de Prote\u00e7\u00e3o da cidade de Campinas\u201d.<\/p>\n\n\n\n<p>\u201cDentre eles, a articula\u00e7\u00e3o para a cria\u00e7\u00e3o de Conselhos Tutelares e, consequentemente, suprir a defici\u00eancia de pessoal para atendimento de qualidade \u00e0 popula\u00e7\u00e3o do munic\u00edpio; capacita\u00e7\u00e3o para o uso do Sistema de Informa\u00e7\u00f5es para Inf\u00e2ncia e Adolesc\u00eancia (SIPIA); e articula\u00e7\u00e3o com membros do Poder Legislativo para equipagem dos Conselhos Tutelares por meio de emendas parlamentares\u201d, conclui, em nota.<\/p>\n\n\n\n<p>Divulga\u00e7\u00e3o: UOL<\/p>\n\n\n\n<p><em>(Fonte: umuaramanews.com.br)<\/em><\/p>\n","protected":false},"excerpt":{"rendered":"<div class=\"mh-excerpt\"><p>Vizinhos da casa onde um menino de 11 anos foi encontrado dentro de um barril, em Campinas (SP), invadiram e depredaram a resid\u00eancia onde a fam\u00edlia vivia. O irm\u00e3o do pai conseguiu evitar que toda <a class=\"mh-excerpt-more\" href=\"https:\/\/diadianoticias.com.br\/?p=40715\" title=\"Vizinhos invadem e depredam casa onde menino era mantido em barril\">[&#8230;]<\/a><\/p>\n<\/div>","protected":false},"author":4,"featured_media":40716,"comment_status":"open","ping_status":"open","sticky":false,"template":"","format":"standard","meta":{"footnotes":""},"categories":[32,9],"tags":[],"class_list":{"0":"post-40715","1":"post","2":"type-post","3":"status-publish","4":"format-standard","5":"has-post-thumbnail","7":"category-destaque","8":"category-nacionais"},"_links":{"self":[{"href":"https:\/\/diadianoticias.com.br\/index.php?rest_route=\/wp\/v2\/posts\/40715","targetHints":{"allow":["GET"]}}],"collection":[{"href":"https:\/\/diadianoticias.com.br\/index.php?rest_route=\/wp\/v2\/posts"}],"about":[{"href":"https:\/\/diadianoticias.com.br\/index.php?rest_route=\/wp\/v2\/types\/post"}],"author":[{"embeddable":true,"href":"https:\/\/diadianoticias.com.br\/index.php?rest_route=\/wp\/v2\/users\/4"}],"replies":[{"embeddable":true,"href":"https:\/\/diadianoticias.com.br\/index.php?rest_route=%2Fwp%2Fv2%2Fcomments&post=40715"}],"version-history":[{"count":1,"href":"https:\/\/diadianoticias.com.br\/index.php?rest_route=\/wp\/v2\/posts\/40715\/revisions"}],"predecessor-version":[{"id":40717,"href":"https:\/\/diadianoticias.com.br\/index.php?rest_route=\/wp\/v2\/posts\/40715\/revisions\/40717"}],"wp:featuredmedia":[{"embeddable":true,"href":"https:\/\/diadianoticias.com.br\/index.php?rest_route=\/wp\/v2\/media\/40716"}],"wp:attachment":[{"href":"https:\/\/diadianoticias.com.br\/index.php?rest_route=%2Fwp%2Fv2%2Fmedia&parent=40715"}],"wp:term":[{"taxonomy":"category","embeddable":true,"href":"https:\/\/diadianoticias.com.br\/index.php?rest_route=%2Fwp%2Fv2%2Fcategories&post=40715"},{"taxonomy":"post_tag","embeddable":true,"href":"https:\/\/diadianoticias.com.br\/index.php?rest_route=%2Fwp%2Fv2%2Ftags&post=40715"}],"curies":[{"name":"wp","href":"https:\/\/api.w.org\/{rel}","templated":true}]}}