{"id":40709,"date":"2021-02-02T19:42:16","date_gmt":"2021-02-02T19:42:16","guid":{"rendered":"https:\/\/diadianoticias.com.br\/?p=40709"},"modified":"2021-02-02T19:42:18","modified_gmt":"2021-02-02T19:42:18","slug":"moto-vai-parar-embaixo-de-caminhao-e-homem-fratura-na-perna-apos-colisao","status":"publish","type":"post","link":"https:\/\/diadianoticias.com.br\/?p=40709","title":{"rendered":"Moto vai parar embaixo de caminh\u00e3o e homem fratura na perna ap\u00f3s colis\u00e3o"},"content":{"rendered":"\n<div class=\"wp-block-image\"><figure class=\"aligncenter size-large\"><a href=\"https:\/\/diadianoticias.com.br\/wp-content\/uploads\/2021\/02\/whatsapp-image-2021-02-02-at-112940-1.jpeg\"><img loading=\"lazy\" decoding=\"async\" width=\"620\" height=\"369\" src=\"https:\/\/diadianoticias.com.br\/wp-content\/uploads\/2021\/02\/whatsapp-image-2021-02-02-at-112940-1.jpeg\" alt=\"\" class=\"wp-image-40710\" srcset=\"https:\/\/diadianoticias.com.br\/wp-content\/uploads\/2021\/02\/whatsapp-image-2021-02-02-at-112940-1.jpeg 620w, https:\/\/diadianoticias.com.br\/wp-content\/uploads\/2021\/02\/whatsapp-image-2021-02-02-at-112940-1-300x179.jpeg 300w\" sizes=\"auto, (max-width: 620px) 100vw, 620px\" \/><\/a><\/figure><\/div>\n\n\n\n<p>Um acidente de tr\u00e2nsito foi registrado na manh\u00e3 desta ter\u00e7a-feira (02) na Rua 9 de Agosto, pr\u00f3ximo ao cruzamento com a Avenida Marip\u00e1, em Marechal C\u00e2ndido Rondon.<\/p>\n\n\n\n<p>O acidente envolveu um ve\u00edculo e uma motocicleta Honda CG. A colis\u00e3o teria acontecido quando o caminh\u00e3o saiu do p\u00e1tio de um posto de combust\u00edvel e a motocicleta seguia pela via.<\/p>\n\n\n\n<p>A moto parou embaixo do caminh\u00e3o e o motociclista, de 21 anos, resultou com fratura na perna. Ele foi socorrido por uma equipe do Corpo de Bombeiros e encaminhado para atendimento m\u00e9dico \u00e0 UPA.<\/p>\n\n\n\n<p>Uma equipe da Pol\u00edcia Militar (PM) registrou a ocorr\u00eancia.<\/p>\n\n\n\n<p>(Aqui Agora)<\/p>\n\n\n\n<p>(Fonte: obemdito.com.br)<\/p>\n","protected":false},"excerpt":{"rendered":"<div class=\"mh-excerpt\"><p>Um acidente de tr\u00e2nsito foi registrado na manh\u00e3 desta ter\u00e7a-feira (02) na Rua 9 de Agosto, pr\u00f3ximo ao cruzamento com a Avenida Marip\u00e1, em Marechal C\u00e2ndido Rondon. O acidente envolveu um ve\u00edculo e uma motocicleta <a class=\"mh-excerpt-more\" href=\"https:\/\/diadianoticias.com.br\/?p=40709\" title=\"Moto vai parar embaixo de caminh\u00e3o e homem fratura na perna ap\u00f3s colis\u00e3o\">[&#8230;]<\/a><\/p>\n<\/div>","protected":false},"author":4,"featured_media":40710,"comment_status":"open","ping_status":"open","sticky":false,"template":"","format":"standard","meta":{"footnotes":""},"categories":[32,14],"tags":[],"class_list":{"0":"post-40709","1":"post","2":"type-post","3":"status-publish","4":"format-standard","5":"has-post-thumbnail","7":"category-destaque","8":"category-paran"},"_links":{"self":[{"href":"https:\/\/diadianoticias.com.br\/index.php?rest_route=\/wp\/v2\/posts\/40709","targetHints":{"allow":["GET"]}}],"collection":[{"href":"https:\/\/diadianoticias.com.br\/index.php?rest_route=\/wp\/v2\/posts"}],"about":[{"href":"https:\/\/diadianoticias.com.br\/index.php?rest_route=\/wp\/v2\/types\/post"}],"author":[{"embeddable":true,"href":"https:\/\/diadianoticias.com.br\/index.php?rest_route=\/wp\/v2\/users\/4"}],"replies":[{"embeddable":true,"href":"https:\/\/diadianoticias.com.br\/index.php?rest_route=%2Fwp%2Fv2%2Fcomments&post=40709"}],"version-history":[{"count":1,"href":"https:\/\/diadianoticias.com.br\/index.php?rest_route=\/wp\/v2\/posts\/40709\/revisions"}],"predecessor-version":[{"id":40711,"href":"https:\/\/diadianoticias.com.br\/index.php?rest_route=\/wp\/v2\/posts\/40709\/revisions\/40711"}],"wp:featuredmedia":[{"embeddable":true,"href":"https:\/\/diadianoticias.com.br\/index.php?rest_route=\/wp\/v2\/media\/40710"}],"wp:attachment":[{"href":"https:\/\/diadianoticias.com.br\/index.php?rest_route=%2Fwp%2Fv2%2Fmedia&parent=40709"}],"wp:term":[{"taxonomy":"category","embeddable":true,"href":"https:\/\/diadianoticias.com.br\/index.php?rest_route=%2Fwp%2Fv2%2Fcategories&post=40709"},{"taxonomy":"post_tag","embeddable":true,"href":"https:\/\/diadianoticias.com.br\/index.php?rest_route=%2Fwp%2Fv2%2Ftags&post=40709"}],"curies":[{"name":"wp","href":"https:\/\/api.w.org\/{rel}","templated":true}]}}