{"id":40699,"date":"2021-02-02T14:00:35","date_gmt":"2021-02-02T14:00:35","guid":{"rendered":"https:\/\/diadianoticias.com.br\/?p=40699"},"modified":"2021-02-02T14:00:36","modified_gmt":"2021-02-02T14:00:36","slug":"homem-armado-com-faca-invade-conselho-tutelar-e-agride-uma-das-conselheiras","status":"publish","type":"post","link":"https:\/\/diadianoticias.com.br\/?p=40699","title":{"rendered":"Homem armado com faca invade Conselho Tutelar e agride uma das conselheiras"},"content":{"rendered":"\n<div class=\"wp-block-image\"><figure class=\"aligncenter size-large\"><a href=\"https:\/\/diadianoticias.com.br\/wp-content\/uploads\/2021\/02\/CONSELHO-TUTELAR.jpg\"><img loading=\"lazy\" decoding=\"async\" width=\"579\" height=\"340\" src=\"https:\/\/diadianoticias.com.br\/wp-content\/uploads\/2021\/02\/CONSELHO-TUTELAR.jpg\" alt=\"\" class=\"wp-image-40700\" srcset=\"https:\/\/diadianoticias.com.br\/wp-content\/uploads\/2021\/02\/CONSELHO-TUTELAR.jpg 579w, https:\/\/diadianoticias.com.br\/wp-content\/uploads\/2021\/02\/CONSELHO-TUTELAR-300x176.jpg 300w\" sizes=\"auto, (max-width: 579px) 100vw, 579px\" \/><\/a><\/figure><\/div>\n\n\n\n<p>Um homem armado com uma faca invadiu o pr\u00e9dio do Conselho Tutelar de Marialva. O incidente aconteceu no in\u00edcio da manh\u00e3 desta ter\u00e7a-feira, 2. Ap\u00f3s invadir o espa\u00e7o p\u00fablico, o homem ainda agrediu uma das conselheiras no bra\u00e7o e no abd\u00f3men. O criminoso ainda teria pego o aparelho celular da v\u00edtima, mas abandonou o aparelho durante a fuga.<\/p>\n\n\n\n<p>A Pol\u00edcia Militar foi acionada e conseguiu identificar as caracter\u00edsticas do agressor. A conselheira foi encaminhada ao PAM de Marialva onde passou por atendimento m\u00e9dico e est\u00e1 fora de risco. A suspeita \u00e9 de que o homem tinha outra pessoa como alvo, e fugiu com o telefone da v\u00edtima para ganhar tempo durante a fuga antes que a Pol\u00edcia fosse acionada.<\/p>\n\n\n\n<p>As informa\u00e7\u00f5es s\u00e3o da p\u00e1gina\u00a0<strong>Tribuna Interativa de Marialva<\/strong><\/p>\n\n\n\n<p><em>(Fonte: odianacidade.com.br)<\/em><\/p>\n","protected":false},"excerpt":{"rendered":"<div class=\"mh-excerpt\"><p>Um homem armado com uma faca invadiu o pr\u00e9dio do Conselho Tutelar de Marialva. O incidente aconteceu no in\u00edcio da manh\u00e3 desta ter\u00e7a-feira, 2. Ap\u00f3s invadir o espa\u00e7o p\u00fablico, o homem ainda agrediu uma das <a class=\"mh-excerpt-more\" href=\"https:\/\/diadianoticias.com.br\/?p=40699\" title=\"Homem armado com faca invade Conselho Tutelar e agride uma das conselheiras\">[&#8230;]<\/a><\/p>\n<\/div>","protected":false},"author":4,"featured_media":40700,"comment_status":"open","ping_status":"open","sticky":false,"template":"","format":"standard","meta":{"footnotes":""},"categories":[32,8],"tags":[],"class_list":{"0":"post-40699","1":"post","2":"type-post","3":"status-publish","4":"format-standard","5":"has-post-thumbnail","7":"category-destaque","8":"category-regionais"},"_links":{"self":[{"href":"https:\/\/diadianoticias.com.br\/index.php?rest_route=\/wp\/v2\/posts\/40699","targetHints":{"allow":["GET"]}}],"collection":[{"href":"https:\/\/diadianoticias.com.br\/index.php?rest_route=\/wp\/v2\/posts"}],"about":[{"href":"https:\/\/diadianoticias.com.br\/index.php?rest_route=\/wp\/v2\/types\/post"}],"author":[{"embeddable":true,"href":"https:\/\/diadianoticias.com.br\/index.php?rest_route=\/wp\/v2\/users\/4"}],"replies":[{"embeddable":true,"href":"https:\/\/diadianoticias.com.br\/index.php?rest_route=%2Fwp%2Fv2%2Fcomments&post=40699"}],"version-history":[{"count":1,"href":"https:\/\/diadianoticias.com.br\/index.php?rest_route=\/wp\/v2\/posts\/40699\/revisions"}],"predecessor-version":[{"id":40701,"href":"https:\/\/diadianoticias.com.br\/index.php?rest_route=\/wp\/v2\/posts\/40699\/revisions\/40701"}],"wp:featuredmedia":[{"embeddable":true,"href":"https:\/\/diadianoticias.com.br\/index.php?rest_route=\/wp\/v2\/media\/40700"}],"wp:attachment":[{"href":"https:\/\/diadianoticias.com.br\/index.php?rest_route=%2Fwp%2Fv2%2Fmedia&parent=40699"}],"wp:term":[{"taxonomy":"category","embeddable":true,"href":"https:\/\/diadianoticias.com.br\/index.php?rest_route=%2Fwp%2Fv2%2Fcategories&post=40699"},{"taxonomy":"post_tag","embeddable":true,"href":"https:\/\/diadianoticias.com.br\/index.php?rest_route=%2Fwp%2Fv2%2Ftags&post=40699"}],"curies":[{"name":"wp","href":"https:\/\/api.w.org\/{rel}","templated":true}]}}