{"id":40685,"date":"2021-02-02T11:19:42","date_gmt":"2021-02-02T11:19:42","guid":{"rendered":"https:\/\/diadianoticias.com.br\/?p=40685"},"modified":"2021-02-02T11:19:44","modified_gmt":"2021-02-02T11:19:44","slug":"policia-militar-recupera-em-cianorte-caminhao-furtado-em-curitiba","status":"publish","type":"post","link":"https:\/\/diadianoticias.com.br\/?p=40685","title":{"rendered":"Pol\u00edcia Militar recupera, em Cianorte, caminh\u00e3o furtado em Curitiba"},"content":{"rendered":"\n<figure class=\"wp-block-image size-large\"><a href=\"https:\/\/diadianoticias.com.br\/wp-content\/uploads\/2021\/02\/WhatsApp-Image-2021-02-02-at-07.15.44.jpeg\"><img loading=\"lazy\" decoding=\"async\" width=\"1024\" height=\"1024\" src=\"https:\/\/diadianoticias.com.br\/wp-content\/uploads\/2021\/02\/WhatsApp-Image-2021-02-02-at-07.15.44-1024x1024.jpeg\" alt=\"\" class=\"wp-image-40686\" srcset=\"https:\/\/diadianoticias.com.br\/wp-content\/uploads\/2021\/02\/WhatsApp-Image-2021-02-02-at-07.15.44-1024x1024.jpeg 1024w, https:\/\/diadianoticias.com.br\/wp-content\/uploads\/2021\/02\/WhatsApp-Image-2021-02-02-at-07.15.44-300x300.jpeg 300w, https:\/\/diadianoticias.com.br\/wp-content\/uploads\/2021\/02\/WhatsApp-Image-2021-02-02-at-07.15.44-150x150.jpeg 150w, https:\/\/diadianoticias.com.br\/wp-content\/uploads\/2021\/02\/WhatsApp-Image-2021-02-02-at-07.15.44-768x768.jpeg 768w, https:\/\/diadianoticias.com.br\/wp-content\/uploads\/2021\/02\/WhatsApp-Image-2021-02-02-at-07.15.44.jpeg 1080w\" sizes=\"auto, (max-width: 1024px) 100vw, 1024px\" \/><\/a><\/figure>\n\n\n\n<p><br>Na tarde dessa segunda-feira (01), por volta das 18h40, a Central de Opera\u00e7\u00f5es da Pol\u00edcia Militar de Cianorte recebeu uma liga\u00e7\u00e3o de um cidad\u00e3o, funcion\u00e1rio de uma empresa de monitoramento, informando que um ve\u00edculo monitorado pela empresa, sendo um caminh\u00e3o da marca Iveco, modelo Strali HD 570s, cor vermelha, com placas de Florian\u00f3polis-SC, estaria em Cianorte. Segundo o rastreamento, o ve\u00edculo que havia sido furtado em Curitiba, estaria nas proximidades do cruzamento da Avenida Am\u00e9rica com a Rua Floriano Peixoto.<\/p>\n\n\n\n<p>Uma equipe ent\u00e3o foi acionada e se deslocou at\u00e9 o endere\u00e7o citado, por\u00e9m, ao chegar no local, o ve\u00edculo n\u00e3o mais se encontrava. Ap\u00f3s um tempo, novas informa\u00e7\u00f5es da empresa de monitoramento davam conta de que o ve\u00edculo poderia estar em alguma empresa localizada na Avenida Industrial.<\/p>\n\n\n\n<p>Com base nessas informa\u00e7\u00f5es, as equipes intensificaram as dilig\u00eancias no mencionado bairro, tendo obtido \u00eaxito em localizar o caminh\u00e3o no interior do p\u00e1tio de uma empresa, onde um homem, de 52 anos, pai do propriet\u00e1rio da empresa, ao ser indagado sobre a exist\u00eancia de um caminh\u00e3o vermelho no interior da empresa, franqueou a entrada das equipes, momento em que foi verificada a condi\u00e7\u00e3o do caminh\u00e3o, que encontra-se com alerta de furto. Al\u00e9m disso, foi verificado a situa\u00e7\u00e3o do semi-reboque, n\u00famero de chassi final 315, cuja placa que se encontrava nele era a original, e outro semi-reboque de chassi final 316, que estava com uma placa tamb\u00e9m adulterada, sendo constatado que os semi-reboques tratavam-se de ve\u00edculos roubados no dia 23\/01\/2021 no munic\u00edpio de Balsa Nova-PR.<\/p>\n\n\n\n<figure class=\"wp-block-image size-large\"><a href=\"https:\/\/diadianoticias.com.br\/wp-content\/uploads\/2021\/02\/WhatsApp-Image-2021-02-02-at-07.15.43.jpeg\"><img loading=\"lazy\" decoding=\"async\" width=\"1024\" height=\"1024\" src=\"https:\/\/diadianoticias.com.br\/wp-content\/uploads\/2021\/02\/WhatsApp-Image-2021-02-02-at-07.15.43-1024x1024.jpeg\" alt=\"\" class=\"wp-image-40687\" srcset=\"https:\/\/diadianoticias.com.br\/wp-content\/uploads\/2021\/02\/WhatsApp-Image-2021-02-02-at-07.15.43-1024x1024.jpeg 1024w, https:\/\/diadianoticias.com.br\/wp-content\/uploads\/2021\/02\/WhatsApp-Image-2021-02-02-at-07.15.43-300x300.jpeg 300w, https:\/\/diadianoticias.com.br\/wp-content\/uploads\/2021\/02\/WhatsApp-Image-2021-02-02-at-07.15.43-150x150.jpeg 150w, https:\/\/diadianoticias.com.br\/wp-content\/uploads\/2021\/02\/WhatsApp-Image-2021-02-02-at-07.15.43-768x768.jpeg 768w, https:\/\/diadianoticias.com.br\/wp-content\/uploads\/2021\/02\/WhatsApp-Image-2021-02-02-at-07.15.43.jpeg 1080w\" sizes=\"auto, (max-width: 1024px) 100vw, 1024px\" \/><\/a><\/figure>\n\n\n\n<p>O homem informou ainda que os caminh\u00f5es s\u00e3o guardados no p\u00e1tio com a autoriza\u00e7\u00e3o de seu filho, que segundo ele, recebe alugu\u00e9is pela guarda dos mesmos, e que nem sabia que o caminh\u00e3o em quest\u00e3o estava l\u00e1, pois n\u00e3o permanece na empresa, pois a empresa fica sob a responsabilidade do encarregado, na aus\u00eancia de seu filho. Segundo o homem, o caminh\u00e3o havia sido deixado no p\u00e1tio na semana passada, n\u00e3o sabendo precisar o dia, e quem havia deixado o ve\u00edculo no local seria um homem, de 33 anos, na companhia de um terceiro.<\/p>\n\n\n\n<p>Diante as informa\u00e7\u00f5es colhidas, foi mantido contato com o propriet\u00e1rio da empresa, de 37 anos, que compareceu at\u00e9 o local e reafirmou que o caminh\u00e3o havia sido trazido e guardado pelo senhor 33 anos. O propriet\u00e1rio do local, chegou ao local com o celular ligado, na op\u00e7\u00e3o viva voz, tendo uma conversa com o homem que, supostamente teria deixado o ve\u00edculo na empresa, onde o mesmo foi orientado a comparecer na sede da PM. Passado algum tempo, o homem, de 33 anos, compareceu na 5\u00aa CIPM, ocasi\u00e3o em que foi questionado, junto com senhor 37 anos, quanto a poss\u00edvel exist\u00eancia de contrato de loca\u00e7\u00e3o, onde ambos afirmaram ser apenas um acordo verbal.<\/p>\n\n\n\n<p>Diante da situa\u00e7\u00e3o, os dois homens receberam voz de pris\u00e3o e foram encaminhados para a Delegacia de Pol\u00edcia, para serem tomadas as medidas cab\u00edveis. O caminh\u00e3o n\u00e3o pode ser recolhido pois estava sem condi\u00e7\u00f5es de deslocamento, sendo feito escolta pelos policiais. Ap\u00f3s serem ouvidos na Delegacia, os homens pagaram fian\u00e7a e responder\u00e3o em liberdade.<\/p>\n\n\n\n<p>(Fonte \u2013 Pol\u00edcia Militar)<\/p>\n","protected":false},"excerpt":{"rendered":"<div class=\"mh-excerpt\"><p>Na tarde dessa segunda-feira (01), por volta das 18h40, a Central de Opera\u00e7\u00f5es da Pol\u00edcia Militar de Cianorte recebeu uma liga\u00e7\u00e3o de um cidad\u00e3o, funcion\u00e1rio de uma empresa de monitoramento, informando que um ve\u00edculo monitorado <a class=\"mh-excerpt-more\" href=\"https:\/\/diadianoticias.com.br\/?p=40685\" title=\"Pol\u00edcia Militar recupera, em Cianorte, caminh\u00e3o furtado em Curitiba\">[&#8230;]<\/a><\/p>\n<\/div>","protected":false},"author":4,"featured_media":40686,"comment_status":"open","ping_status":"open","sticky":false,"template":"","format":"standard","meta":{"footnotes":""},"categories":[32,5],"tags":[],"class_list":{"0":"post-40685","1":"post","2":"type-post","3":"status-publish","4":"format-standard","5":"has-post-thumbnail","7":"category-destaque","8":"category-policiais"},"_links":{"self":[{"href":"https:\/\/diadianoticias.com.br\/index.php?rest_route=\/wp\/v2\/posts\/40685","targetHints":{"allow":["GET"]}}],"collection":[{"href":"https:\/\/diadianoticias.com.br\/index.php?rest_route=\/wp\/v2\/posts"}],"about":[{"href":"https:\/\/diadianoticias.com.br\/index.php?rest_route=\/wp\/v2\/types\/post"}],"author":[{"embeddable":true,"href":"https:\/\/diadianoticias.com.br\/index.php?rest_route=\/wp\/v2\/users\/4"}],"replies":[{"embeddable":true,"href":"https:\/\/diadianoticias.com.br\/index.php?rest_route=%2Fwp%2Fv2%2Fcomments&post=40685"}],"version-history":[{"count":1,"href":"https:\/\/diadianoticias.com.br\/index.php?rest_route=\/wp\/v2\/posts\/40685\/revisions"}],"predecessor-version":[{"id":40688,"href":"https:\/\/diadianoticias.com.br\/index.php?rest_route=\/wp\/v2\/posts\/40685\/revisions\/40688"}],"wp:featuredmedia":[{"embeddable":true,"href":"https:\/\/diadianoticias.com.br\/index.php?rest_route=\/wp\/v2\/media\/40686"}],"wp:attachment":[{"href":"https:\/\/diadianoticias.com.br\/index.php?rest_route=%2Fwp%2Fv2%2Fmedia&parent=40685"}],"wp:term":[{"taxonomy":"category","embeddable":true,"href":"https:\/\/diadianoticias.com.br\/index.php?rest_route=%2Fwp%2Fv2%2Fcategories&post=40685"},{"taxonomy":"post_tag","embeddable":true,"href":"https:\/\/diadianoticias.com.br\/index.php?rest_route=%2Fwp%2Fv2%2Ftags&post=40685"}],"curies":[{"name":"wp","href":"https:\/\/api.w.org\/{rel}","templated":true}]}}