{"id":39736,"date":"2020-11-23T20:39:55","date_gmt":"2020-11-23T20:39:55","guid":{"rendered":"https:\/\/diadianoticias.com.br\/?p=39736"},"modified":"2020-11-23T20:39:57","modified_gmt":"2020-11-23T20:39:57","slug":"pm-prende-ladrao-e-descobre-boca-de-fumo-em-tapejara","status":"publish","type":"post","link":"https:\/\/diadianoticias.com.br\/?p=39736","title":{"rendered":"PM prende ladr\u00e3o e descobre \u2018boca de fumo\u2019 em Tapejara"},"content":{"rendered":"\n<div class=\"wp-block-image\"><figure class=\"aligncenter size-large\"><img loading=\"lazy\" decoding=\"async\" width=\"720\" height=\"625\" src=\"https:\/\/diadianoticias.com.br\/wp-content\/uploads\/2020\/11\/WhatsApp-Image-2020-11-23-at-09.03.13-1.jpeg\" alt=\"\" class=\"wp-image-39737\" srcset=\"https:\/\/diadianoticias.com.br\/wp-content\/uploads\/2020\/11\/WhatsApp-Image-2020-11-23-at-09.03.13-1.jpeg 720w, https:\/\/diadianoticias.com.br\/wp-content\/uploads\/2020\/11\/WhatsApp-Image-2020-11-23-at-09.03.13-1-300x260.jpeg 300w\" sizes=\"auto, (max-width: 720px) 100vw, 720px\" \/><\/figure><\/div>\n\n\n\n<p>A Pol\u00edcia Militar prendeu na manh\u00e3 desta segunda-feira (23\/11) em Tapejara, dois homens e apreendeu um adolescente, com drogas e produtos furtados.<\/p>\n\n\n\n<p>A deten\u00e7\u00e3o do homem de 34 anos, ocorreu na Rua Prefeito Carlito Schimidt Vilela. Ele \u00e9 acusado pelo crime de furto.<\/p>\n\n\n\n<p>J\u00e1 na Rua Afonso Pena, a equipe policial localizou os produtos furtados pelo ladr\u00e3o e tamb\u00e9m drogas. No local, conhecido como \u2018boca de fumo\u2019, foi preso um jovem de 18 anos e apreendido outro, de 15 anos.<\/p>\n\n\n\n<p>Nas buscas foram encontrados: 83 gramas de crack; 4 gramas de maconha<\/p>\n\n\n\n<p>R$ 407 reais apreendidos; um celular apreendido e uma balan\u00e7a, al\u00e9m de 2 monitores , 1 receptor , 1 Dvd recuperados pela PM.<\/p>\n\n\n\n<p><em>(Fonte: umuaramanews.com.br)<\/em><\/p>\n","protected":false},"excerpt":{"rendered":"<div class=\"mh-excerpt\"><p>A Pol\u00edcia Militar prendeu na manh\u00e3 desta segunda-feira (23\/11) em Tapejara, dois homens e apreendeu um adolescente, com drogas e produtos furtados. A deten\u00e7\u00e3o do homem de 34 anos, ocorreu na Rua Prefeito Carlito Schimidt <a class=\"mh-excerpt-more\" href=\"https:\/\/diadianoticias.com.br\/?p=39736\" title=\"PM prende ladr\u00e3o e descobre \u2018boca de fumo\u2019 em Tapejara\">[&#8230;]<\/a><\/p>\n<\/div>","protected":false},"author":4,"featured_media":39738,"comment_status":"open","ping_status":"open","sticky":false,"template":"","format":"standard","meta":{"footnotes":""},"categories":[32,8],"tags":[],"class_list":{"0":"post-39736","1":"post","2":"type-post","3":"status-publish","4":"format-standard","5":"has-post-thumbnail","7":"category-destaque","8":"category-regionais"},"_links":{"self":[{"href":"https:\/\/diadianoticias.com.br\/index.php?rest_route=\/wp\/v2\/posts\/39736","targetHints":{"allow":["GET"]}}],"collection":[{"href":"https:\/\/diadianoticias.com.br\/index.php?rest_route=\/wp\/v2\/posts"}],"about":[{"href":"https:\/\/diadianoticias.com.br\/index.php?rest_route=\/wp\/v2\/types\/post"}],"author":[{"embeddable":true,"href":"https:\/\/diadianoticias.com.br\/index.php?rest_route=\/wp\/v2\/users\/4"}],"replies":[{"embeddable":true,"href":"https:\/\/diadianoticias.com.br\/index.php?rest_route=%2Fwp%2Fv2%2Fcomments&post=39736"}],"version-history":[{"count":1,"href":"https:\/\/diadianoticias.com.br\/index.php?rest_route=\/wp\/v2\/posts\/39736\/revisions"}],"predecessor-version":[{"id":39739,"href":"https:\/\/diadianoticias.com.br\/index.php?rest_route=\/wp\/v2\/posts\/39736\/revisions\/39739"}],"wp:featuredmedia":[{"embeddable":true,"href":"https:\/\/diadianoticias.com.br\/index.php?rest_route=\/wp\/v2\/media\/39738"}],"wp:attachment":[{"href":"https:\/\/diadianoticias.com.br\/index.php?rest_route=%2Fwp%2Fv2%2Fmedia&parent=39736"}],"wp:term":[{"taxonomy":"category","embeddable":true,"href":"https:\/\/diadianoticias.com.br\/index.php?rest_route=%2Fwp%2Fv2%2Fcategories&post=39736"},{"taxonomy":"post_tag","embeddable":true,"href":"https:\/\/diadianoticias.com.br\/index.php?rest_route=%2Fwp%2Fv2%2Ftags&post=39736"}],"curies":[{"name":"wp","href":"https:\/\/api.w.org\/{rel}","templated":true}]}}