{"id":39720,"date":"2020-11-23T12:54:11","date_gmt":"2020-11-23T12:54:11","guid":{"rendered":"https:\/\/diadianoticias.com.br\/?p=39720"},"modified":"2020-11-23T12:54:42","modified_gmt":"2020-11-23T12:54:42","slug":"pai-e-filho-morrem-em-colisao-frontal-na-pr-542","status":"publish","type":"post","link":"https:\/\/diadianoticias.com.br\/?p=39720","title":{"rendered":"Pai e filho morrem em colis\u00e3o frontal na PR-542"},"content":{"rendered":"\n<div class=\"wp-block-image\"><figure class=\"aligncenter size-large\"><img loading=\"lazy\" decoding=\"async\" width=\"620\" height=\"349\" src=\"https:\/\/diadianoticias.com.br\/wp-content\/uploads\/2020\/11\/whatsapp-image-2020-11-22-at-162327-2-1.jpeg\" alt=\"\" class=\"wp-image-39721\" srcset=\"https:\/\/diadianoticias.com.br\/wp-content\/uploads\/2020\/11\/whatsapp-image-2020-11-22-at-162327-2-1.jpeg 620w, https:\/\/diadianoticias.com.br\/wp-content\/uploads\/2020\/11\/whatsapp-image-2020-11-22-at-162327-2-1-300x169.jpeg 300w\" sizes=\"auto, (max-width: 620px) 100vw, 620px\" \/><\/figure><\/div>\n\n\n\n<p>Uma colis\u00e3o frontal, entre uma caminhonete S-10 e um&nbsp;VW UP, resultou em duas mortes na tarde deste domingo (22). Segundo a Pol\u00edcia Rodovi\u00e1ria Estadual (PRE), o acidente ocorreu no km 58 da PR-542, entre Colorado e Itaguaj\u00e9.<\/p>\n\n\n\n<p>Os ocupantes do VW UP,&nbsp;de&nbsp;34 e 73 anos, pai e filho, moradores de Mirante do Paranapanema (SP), &nbsp;morreram no local. O ocupante da caminhonete sofreu ferimentos generalizados. Um helic\u00f3ptero do Samu foi mobilizado.<\/p>\n\n\n\n<p>As circunst\u00e2ncias s\u00e3o apuradas pela PRE. Os ve\u00edculos ficaram completamente destru\u00eddos.<\/p>\n\n\n\n<p><em>(Fonte: obemdito.com.br)<\/em><\/p>\n","protected":false},"excerpt":{"rendered":"<div class=\"mh-excerpt\"><p>Uma colis\u00e3o frontal, entre uma caminhonete S-10 e um&nbsp;VW UP, resultou em duas mortes na tarde deste domingo (22). Segundo a Pol\u00edcia Rodovi\u00e1ria Estadual (PRE), o acidente ocorreu no km 58 da PR-542, entre Colorado <a class=\"mh-excerpt-more\" href=\"https:\/\/diadianoticias.com.br\/?p=39720\" title=\"Pai e filho morrem em colis\u00e3o frontal na PR-542\">[&#8230;]<\/a><\/p>\n<\/div>","protected":false},"author":4,"featured_media":39721,"comment_status":"open","ping_status":"open","sticky":false,"template":"","format":"standard","meta":{"footnotes":""},"categories":[32,14],"tags":[],"class_list":{"0":"post-39720","1":"post","2":"type-post","3":"status-publish","4":"format-standard","5":"has-post-thumbnail","7":"category-destaque","8":"category-paran"},"_links":{"self":[{"href":"https:\/\/diadianoticias.com.br\/index.php?rest_route=\/wp\/v2\/posts\/39720","targetHints":{"allow":["GET"]}}],"collection":[{"href":"https:\/\/diadianoticias.com.br\/index.php?rest_route=\/wp\/v2\/posts"}],"about":[{"href":"https:\/\/diadianoticias.com.br\/index.php?rest_route=\/wp\/v2\/types\/post"}],"author":[{"embeddable":true,"href":"https:\/\/diadianoticias.com.br\/index.php?rest_route=\/wp\/v2\/users\/4"}],"replies":[{"embeddable":true,"href":"https:\/\/diadianoticias.com.br\/index.php?rest_route=%2Fwp%2Fv2%2Fcomments&post=39720"}],"version-history":[{"count":1,"href":"https:\/\/diadianoticias.com.br\/index.php?rest_route=\/wp\/v2\/posts\/39720\/revisions"}],"predecessor-version":[{"id":39722,"href":"https:\/\/diadianoticias.com.br\/index.php?rest_route=\/wp\/v2\/posts\/39720\/revisions\/39722"}],"wp:featuredmedia":[{"embeddable":true,"href":"https:\/\/diadianoticias.com.br\/index.php?rest_route=\/wp\/v2\/media\/39721"}],"wp:attachment":[{"href":"https:\/\/diadianoticias.com.br\/index.php?rest_route=%2Fwp%2Fv2%2Fmedia&parent=39720"}],"wp:term":[{"taxonomy":"category","embeddable":true,"href":"https:\/\/diadianoticias.com.br\/index.php?rest_route=%2Fwp%2Fv2%2Fcategories&post=39720"},{"taxonomy":"post_tag","embeddable":true,"href":"https:\/\/diadianoticias.com.br\/index.php?rest_route=%2Fwp%2Fv2%2Ftags&post=39720"}],"curies":[{"name":"wp","href":"https:\/\/api.w.org\/{rel}","templated":true}]}}