{"id":39658,"date":"2020-11-18T12:59:48","date_gmt":"2020-11-18T12:59:48","guid":{"rendered":"https:\/\/diadianoticias.com.br\/?p=39658"},"modified":"2020-11-18T12:59:49","modified_gmt":"2020-11-18T12:59:49","slug":"motorista-abandona-veiculo-furtado-apos-acidente-na-prc-272","status":"publish","type":"post","link":"https:\/\/diadianoticias.com.br\/?p=39658","title":{"rendered":"Motorista abandona ve\u00edculo furtado ap\u00f3s acidente na PRC-272"},"content":{"rendered":"\n<figure class=\"wp-block-image size-large\"><img loading=\"lazy\" decoding=\"async\" width=\"620\" height=\"372\" src=\"https:\/\/diadianoticias.com.br\/wp-content\/uploads\/2020\/11\/a7e7c2fc-82ea-4686-b3d4-35550b9182e91.jpg\" alt=\"\" class=\"wp-image-39659\" srcset=\"https:\/\/diadianoticias.com.br\/wp-content\/uploads\/2020\/11\/a7e7c2fc-82ea-4686-b3d4-35550b9182e91.jpg 620w, https:\/\/diadianoticias.com.br\/wp-content\/uploads\/2020\/11\/a7e7c2fc-82ea-4686-b3d4-35550b9182e91-300x180.jpg 300w\" sizes=\"auto, (max-width: 620px) 100vw, 620px\" \/><figcaption>Foto: Divulga\u00e7\u00e3o\/PRE<\/figcaption><\/figure>\n\n\n\n<p>O condutor de uma picape Fiat Strada branca fugiu ap\u00f3s colis\u00e3o entre o autom\u00f3vel e um caminh\u00e3o Sc\u00e2nia no quil\u00f4metro 512 da PR-272, em Ipor\u00e3, no final da manh\u00e3 desta ter\u00e7a-feira (17).<\/p>\n\n\n\n<p>Policiais rodovi\u00e1rios estaduais apuraram que o carro transitava com placas falsas e possui alerta de furto. A ocorr\u00eancia foi encaminhada para a Pol\u00edcia Civil. Ningu\u00e9m ficou ferido.<\/p>\n\n\n\n<p>(Fonte: obemdito.com.br)<\/p>\n","protected":false},"excerpt":{"rendered":"<div class=\"mh-excerpt\"><p>O condutor de uma picape Fiat Strada branca fugiu ap\u00f3s colis\u00e3o entre o autom\u00f3vel e um caminh\u00e3o Sc\u00e2nia no quil\u00f4metro 512 da PR-272, em Ipor\u00e3, no final da manh\u00e3 desta ter\u00e7a-feira (17). Policiais rodovi\u00e1rios estaduais <a class=\"mh-excerpt-more\" href=\"https:\/\/diadianoticias.com.br\/?p=39658\" title=\"Motorista abandona ve\u00edculo furtado ap\u00f3s acidente na PRC-272\">[&#8230;]<\/a><\/p>\n<\/div>","protected":false},"author":4,"featured_media":39659,"comment_status":"open","ping_status":"open","sticky":false,"template":"","format":"standard","meta":{"footnotes":""},"categories":[32,14],"tags":[],"class_list":{"0":"post-39658","1":"post","2":"type-post","3":"status-publish","4":"format-standard","5":"has-post-thumbnail","7":"category-destaque","8":"category-paran"},"_links":{"self":[{"href":"https:\/\/diadianoticias.com.br\/index.php?rest_route=\/wp\/v2\/posts\/39658","targetHints":{"allow":["GET"]}}],"collection":[{"href":"https:\/\/diadianoticias.com.br\/index.php?rest_route=\/wp\/v2\/posts"}],"about":[{"href":"https:\/\/diadianoticias.com.br\/index.php?rest_route=\/wp\/v2\/types\/post"}],"author":[{"embeddable":true,"href":"https:\/\/diadianoticias.com.br\/index.php?rest_route=\/wp\/v2\/users\/4"}],"replies":[{"embeddable":true,"href":"https:\/\/diadianoticias.com.br\/index.php?rest_route=%2Fwp%2Fv2%2Fcomments&post=39658"}],"version-history":[{"count":1,"href":"https:\/\/diadianoticias.com.br\/index.php?rest_route=\/wp\/v2\/posts\/39658\/revisions"}],"predecessor-version":[{"id":39660,"href":"https:\/\/diadianoticias.com.br\/index.php?rest_route=\/wp\/v2\/posts\/39658\/revisions\/39660"}],"wp:featuredmedia":[{"embeddable":true,"href":"https:\/\/diadianoticias.com.br\/index.php?rest_route=\/wp\/v2\/media\/39659"}],"wp:attachment":[{"href":"https:\/\/diadianoticias.com.br\/index.php?rest_route=%2Fwp%2Fv2%2Fmedia&parent=39658"}],"wp:term":[{"taxonomy":"category","embeddable":true,"href":"https:\/\/diadianoticias.com.br\/index.php?rest_route=%2Fwp%2Fv2%2Fcategories&post=39658"},{"taxonomy":"post_tag","embeddable":true,"href":"https:\/\/diadianoticias.com.br\/index.php?rest_route=%2Fwp%2Fv2%2Ftags&post=39658"}],"curies":[{"name":"wp","href":"https:\/\/api.w.org\/{rel}","templated":true}]}}