{"id":39626,"date":"2020-11-16T18:09:31","date_gmt":"2020-11-16T18:09:31","guid":{"rendered":"https:\/\/diadianoticias.com.br\/?p=39626"},"modified":"2020-11-16T18:09:33","modified_gmt":"2020-11-16T18:09:33","slug":"adolescente-alega-ter-sido-estuprada-por-primo-em-cidade-gaucha","status":"publish","type":"post","link":"https:\/\/diadianoticias.com.br\/?p=39626","title":{"rendered":"Adolescente alega ter sido estuprada por primo em Cidade Ga\u00facha"},"content":{"rendered":"\n<div class=\"wp-block-image\"><figure class=\"aligncenter size-large\"><img loading=\"lazy\" decoding=\"async\" width=\"731\" height=\"445\" src=\"https:\/\/diadianoticias.com.br\/wp-content\/uploads\/2020\/11\/cidadegaucha.jpg\" alt=\"\" class=\"wp-image-39627\" srcset=\"https:\/\/diadianoticias.com.br\/wp-content\/uploads\/2020\/11\/cidadegaucha.jpg 731w, https:\/\/diadianoticias.com.br\/wp-content\/uploads\/2020\/11\/cidadegaucha-300x183.jpg 300w\" sizes=\"auto, (max-width: 731px) 100vw, 731px\" \/><\/figure><\/div>\n\n\n\n<p>Uma m\u00e3e de Cidade Ga\u00facha procurou a delegacia de Pol\u00edcia Civil do munic\u00edpio para registrar boletim de ocorr\u00eancia por estupro de vulner\u00e1vel. A mulher denuncia um primo por ter abusado sexualmente da filha dela, uma adolescente. Segundo a v\u00edtima, os abusos teriam come\u00e7ado h\u00e1 mais de ano.<\/p>\n\n\n\n<p>O&nbsp;<strong>portal Umuarama News<\/strong>&nbsp;teve acesso ao boletim de ocorr\u00eancia, com exclusividade.<\/p>\n\n\n\n<p>Segundo consta na den\u00fancia, o homem se aproveitava da boa rela\u00e7\u00e3o com a fam\u00edlia da v\u00edtima para a pr\u00e1tica dos abusos sexuais e a amea\u00e7ava, caso contasse para algu\u00e9m.<\/p>\n\n\n\n<p>Ao romper a barreira do medo, a menina contou para uma prima que, era violentada h\u00e1 mais de ano, quando ainda tinha 13 anos de idade.<\/p>\n\n\n\n<p>No relato, a adolescente afirma que o agressor introduzia os dedos nas partes \u00edntimas dela e era for\u00e7ada a praticar sexo oral nele, al\u00e9m de masturb\u00e1-lo. Para isso, a v\u00edtima disse que o denunciado \u201cusava de press\u00e3o psicol\u00f3gica e de sua boa reputa\u00e7\u00e3o entre os familiares\u201d para que ela n\u00e3o contasse aos pais.<\/p>\n\n\n\n<p>A menina ainda relatou que ele dizia \u201cem quem eles v\u00e3o acreditar?\u201d, e quando os abusos terminavam, o agressor a mandava parar de se lamentar \u201cpara n\u00e3o chegar em casa chorando\u201d.<\/p>\n\n\n\n<p>Por fim, ela afirmou ter tomado coragem para fazer a den\u00fancia ap\u00f3s recentes amea\u00e7as \u201cdizendo que conseguiria a penetra\u00e7\u00e3o de qualquer maneira\u201d.<\/p>\n\n\n\n<p>A Pol\u00edcia Civil investiga o caso.<\/p>\n\n\n\n<p><em>(Fonte: umuaramanews.com.br)<\/em><\/p>\n","protected":false},"excerpt":{"rendered":"<div class=\"mh-excerpt\"><p>Uma m\u00e3e de Cidade Ga\u00facha procurou a delegacia de Pol\u00edcia Civil do munic\u00edpio para registrar boletim de ocorr\u00eancia por estupro de vulner\u00e1vel. A mulher denuncia um primo por ter abusado sexualmente da filha dela, uma <a class=\"mh-excerpt-more\" href=\"https:\/\/diadianoticias.com.br\/?p=39626\" title=\"Adolescente alega ter sido estuprada por primo em Cidade Ga\u00facha\">[&#8230;]<\/a><\/p>\n<\/div>","protected":false},"author":4,"featured_media":39629,"comment_status":"open","ping_status":"open","sticky":false,"template":"","format":"standard","meta":{"footnotes":""},"categories":[32,14],"tags":[],"class_list":{"0":"post-39626","1":"post","2":"type-post","3":"status-publish","4":"format-standard","5":"has-post-thumbnail","7":"category-destaque","8":"category-paran"},"_links":{"self":[{"href":"https:\/\/diadianoticias.com.br\/index.php?rest_route=\/wp\/v2\/posts\/39626","targetHints":{"allow":["GET"]}}],"collection":[{"href":"https:\/\/diadianoticias.com.br\/index.php?rest_route=\/wp\/v2\/posts"}],"about":[{"href":"https:\/\/diadianoticias.com.br\/index.php?rest_route=\/wp\/v2\/types\/post"}],"author":[{"embeddable":true,"href":"https:\/\/diadianoticias.com.br\/index.php?rest_route=\/wp\/v2\/users\/4"}],"replies":[{"embeddable":true,"href":"https:\/\/diadianoticias.com.br\/index.php?rest_route=%2Fwp%2Fv2%2Fcomments&post=39626"}],"version-history":[{"count":1,"href":"https:\/\/diadianoticias.com.br\/index.php?rest_route=\/wp\/v2\/posts\/39626\/revisions"}],"predecessor-version":[{"id":39630,"href":"https:\/\/diadianoticias.com.br\/index.php?rest_route=\/wp\/v2\/posts\/39626\/revisions\/39630"}],"wp:featuredmedia":[{"embeddable":true,"href":"https:\/\/diadianoticias.com.br\/index.php?rest_route=\/wp\/v2\/media\/39629"}],"wp:attachment":[{"href":"https:\/\/diadianoticias.com.br\/index.php?rest_route=%2Fwp%2Fv2%2Fmedia&parent=39626"}],"wp:term":[{"taxonomy":"category","embeddable":true,"href":"https:\/\/diadianoticias.com.br\/index.php?rest_route=%2Fwp%2Fv2%2Fcategories&post=39626"},{"taxonomy":"post_tag","embeddable":true,"href":"https:\/\/diadianoticias.com.br\/index.php?rest_route=%2Fwp%2Fv2%2Ftags&post=39626"}],"curies":[{"name":"wp","href":"https:\/\/api.w.org\/{rel}","templated":true}]}}