{"id":39603,"date":"2020-11-13T19:37:43","date_gmt":"2020-11-13T19:37:43","guid":{"rendered":"https:\/\/diadianoticias.com.br\/?p=39603"},"modified":"2020-11-13T19:37:46","modified_gmt":"2020-11-13T19:37:46","slug":"automovel-e-furtado-de-pescadores-nas-proximidades-do-rio-piquiri","status":"publish","type":"post","link":"https:\/\/diadianoticias.com.br\/?p=39603","title":{"rendered":"Autom\u00f3vel \u00e9 furtado de pescadores nas proximidades do Rio Piquiri"},"content":{"rendered":"\n<div class=\"wp-block-image\"><figure class=\"aligncenter size-large\"><img loading=\"lazy\" decoding=\"async\" width=\"620\" height=\"413\" src=\"https:\/\/diadianoticias.com.br\/wp-content\/uploads\/2020\/11\/riopiquiri1.jpg\" alt=\"\" class=\"wp-image-39604\" srcset=\"https:\/\/diadianoticias.com.br\/wp-content\/uploads\/2020\/11\/riopiquiri1.jpg 620w, https:\/\/diadianoticias.com.br\/wp-content\/uploads\/2020\/11\/riopiquiri1-300x200.jpg 300w\" sizes=\"auto, (max-width: 620px) 100vw, 620px\" \/><\/figure><\/div>\n\n\n\n<p>Na noite de quinta-feira (12) a Pol\u00edcia Militar de Francisco Alves foi informada sobre um furto de ve\u00edculo \u00e0s margens da BR-272, proximidades do rio Piquiri. Segundo relato do dono do carro, que \u00e9 morador de Terra Roxa, ele havia estacionado o Audi\/A3, de placas DFJ-4E14, de cor prata na margem da rodovia BR-272, nas proximidades da ponte do rio Piquiri.<\/p>\n\n\n\n<p>Depois disso, saiu para pescar. Horas depois, quando retornou para pegar o carro, ele n\u00e3o estava mais no local.<\/p>\n\n\n\n<p>Diante dos fatos, a PM lavrou o Boletim de Ocorr\u00eancia e emitiu o alerta de furto do ve\u00edculo, que foi repassado para toda regi\u00e3o.<\/p>\n\n\n\n<p>(Informa\u00e7\u00f5es:\u00a0<a href=\"https:\/\/portaldoviolanews.com.br\/noticia\/3310\/veiculo-e-furtado-de-pescadores-nas-proximidades-do-rio-piquiri\">Portal do Viola<\/a>)<\/p>\n\n\n\n<p><em>(Fonte: obemdito.com.br)<\/em><\/p>\n","protected":false},"excerpt":{"rendered":"<div class=\"mh-excerpt\"><p>Na noite de quinta-feira (12) a Pol\u00edcia Militar de Francisco Alves foi informada sobre um furto de ve\u00edculo \u00e0s margens da BR-272, proximidades do rio Piquiri. Segundo relato do dono do carro, que \u00e9 morador <a class=\"mh-excerpt-more\" href=\"https:\/\/diadianoticias.com.br\/?p=39603\" title=\"Autom\u00f3vel \u00e9 furtado de pescadores nas proximidades do Rio Piquiri\">[&#8230;]<\/a><\/p>\n<\/div>","protected":false},"author":4,"featured_media":39604,"comment_status":"open","ping_status":"open","sticky":false,"template":"","format":"standard","meta":{"footnotes":""},"categories":[32,14],"tags":[],"class_list":{"0":"post-39603","1":"post","2":"type-post","3":"status-publish","4":"format-standard","5":"has-post-thumbnail","7":"category-destaque","8":"category-paran"},"_links":{"self":[{"href":"https:\/\/diadianoticias.com.br\/index.php?rest_route=\/wp\/v2\/posts\/39603","targetHints":{"allow":["GET"]}}],"collection":[{"href":"https:\/\/diadianoticias.com.br\/index.php?rest_route=\/wp\/v2\/posts"}],"about":[{"href":"https:\/\/diadianoticias.com.br\/index.php?rest_route=\/wp\/v2\/types\/post"}],"author":[{"embeddable":true,"href":"https:\/\/diadianoticias.com.br\/index.php?rest_route=\/wp\/v2\/users\/4"}],"replies":[{"embeddable":true,"href":"https:\/\/diadianoticias.com.br\/index.php?rest_route=%2Fwp%2Fv2%2Fcomments&post=39603"}],"version-history":[{"count":1,"href":"https:\/\/diadianoticias.com.br\/index.php?rest_route=\/wp\/v2\/posts\/39603\/revisions"}],"predecessor-version":[{"id":39605,"href":"https:\/\/diadianoticias.com.br\/index.php?rest_route=\/wp\/v2\/posts\/39603\/revisions\/39605"}],"wp:featuredmedia":[{"embeddable":true,"href":"https:\/\/diadianoticias.com.br\/index.php?rest_route=\/wp\/v2\/media\/39604"}],"wp:attachment":[{"href":"https:\/\/diadianoticias.com.br\/index.php?rest_route=%2Fwp%2Fv2%2Fmedia&parent=39603"}],"wp:term":[{"taxonomy":"category","embeddable":true,"href":"https:\/\/diadianoticias.com.br\/index.php?rest_route=%2Fwp%2Fv2%2Fcategories&post=39603"},{"taxonomy":"post_tag","embeddable":true,"href":"https:\/\/diadianoticias.com.br\/index.php?rest_route=%2Fwp%2Fv2%2Ftags&post=39603"}],"curies":[{"name":"wp","href":"https:\/\/api.w.org\/{rel}","templated":true}]}}