{"id":39600,"date":"2020-11-13T19:15:48","date_gmt":"2020-11-13T19:15:48","guid":{"rendered":"https:\/\/diadianoticias.com.br\/?p=39600"},"modified":"2020-11-13T19:15:50","modified_gmt":"2020-11-13T19:15:50","slug":"defensoria-publica-pede-interrupcao-de-atividades-nao-essenciais-em-umuarama","status":"publish","type":"post","link":"https:\/\/diadianoticias.com.br\/?p=39600","title":{"rendered":"Defensoria P\u00fablica pede interrup\u00e7\u00e3o de atividades n\u00e3o essenciais em Umuarama"},"content":{"rendered":"\n<div class=\"wp-block-image\"><figure class=\"aligncenter size-large\"><img loading=\"lazy\" decoding=\"async\" width=\"620\" height=\"369\" src=\"https:\/\/diadianoticias.com.br\/wp-content\/uploads\/2020\/11\/whatsapp-image-2020-04-24-at-161306-41.jpeg\" alt=\"\" class=\"wp-image-39601\" srcset=\"https:\/\/diadianoticias.com.br\/wp-content\/uploads\/2020\/11\/whatsapp-image-2020-04-24-at-161306-41.jpeg 620w, https:\/\/diadianoticias.com.br\/wp-content\/uploads\/2020\/11\/whatsapp-image-2020-04-24-at-161306-41-300x179.jpeg 300w\" sizes=\"auto, (max-width: 620px) 100vw, 620px\" \/><figcaption>Foto: Ricardo Trindade\/ OBemdito<\/figcaption><\/figure><\/div>\n\n\n\n<p>A Defensoria P\u00fablica do Estado do Paran\u00e1 protocolou junto ao Tribunal de Justi\u00e7a do Paran\u00e1 um agravo de instrumento solicitando que as atividades n\u00e3o essenciais tenham suas atividades paralisadas em Umuarama. O pedido tem como embasamento o crescendo n\u00famero de casos confirmados de coronav\u00edrus no munic\u00edpio.<\/p>\n\n\n\n<p>O pedido \u00e9 assinado por J\u00falio C\u00e9sar Duailibe Salem Filho, Defensor P\u00fablico Coordenador do NUCIDH (N\u00facleo de Cidadania e Direitos Humanos da Defensoria P\u00fablica do Estado do Paran\u00e1). O defensor argumenta que \u201cdesde o dia 05 de novembro de 2020 a cidade de Umuarama vem enfrentando, ao que parece, pelos n\u00fameros informados nos boletins di\u00e1rios abaixo colacionados, uma segunda onda de contamina\u00e7\u00e3o pelo Coronav\u00edrus\u201d.<\/p>\n\n\n\n<p>O documento aponta que uma das causas desta majora\u00e7\u00e3o \u00e9 a abertura indiscriminada de bares e restaurantes, que tem ficado lotados no munic\u00edpio. O agravo apresenta inclusive fotos de estabelecimentos lotados, sendo que as pessoas est\u00e3o sem m\u00e1scaras. Ainda apresenta os \u00faltimos boletins de acompanhamento da Covid na cidade, divulgados pela Secretaria Municipal de Sa\u00fade.<\/p>\n\n\n\n<p>\u201cOutro n\u00famero preocupante \u00e9 o da ocupa\u00e7\u00e3o dos leitos de enfermaria e UTI para tratamento da COVID-19. Umuarama j\u00e1 n\u00e3o possui mais leitos de enfermaria vagos e restam apenas 2 vagas de UTI (no dia 05\/11 haviam 3 vagas na enfermaria e apenas 03 vagas da UTI estavam ocupadas), sendo uma quest\u00e3o de tempo o colapso da rede municipal de aten\u00e7\u00e3o \u00e0 pandemia, de acordo com os dados divulgados\u201d, informa o defensor p\u00fablico.<\/p>\n\n\n\n<p>Salem Filho acrescenta que \u201ca pandemia n\u00e3o acabou e seus efeitos ainda ser\u00e3o sentidos por muito tempo pela frente\u201d. Mostra que na Europa alguns pa\u00edses relaxaram com as medidas restritivas e agora convivem com uma segunda onda da doen\u00e7a.<\/p>\n\n\n\n<p>Para finalizar, o defensor argumenta: \u201cNesse sentido, al\u00e9m dos documentos j\u00e1 juntados ao longo deste processo, com esses novos dados \u00e9 poss\u00edvel verificar que a cidade de Umuarama-PR ainda n\u00e3o est\u00e1 preparada para a retomada das atividades n\u00e3o essenciais, sendo de suma import\u00e2ncia que, para al\u00e9m do restabelecimento da liminar outrora vigente, seja dado provimento a este Agravo de Instrumento, consoante parecer do \u00f3rg\u00e3o ministerial\u201d.<\/p>\n\n\n\n<p>Aqui est\u00e1 o&nbsp;<a href=\"https:\/\/www.tjpr.jus.br\/documents\/18319\/33666028\/2020+05+08+-+Umuarama+decis%C3%A3o+decreto+com%C3%A9rcio\/6b64c8dc-4293-7dc4-3ea6-6566454f5afa\">agravo de instrumento&nbsp;0020002-72.2020.8.16.0000<\/a>.<strong>COE<\/strong><\/p>\n\n\n\n<p>O Centro de Opera\u00e7\u00f5es de Enfrentamento \u00e0 Covid-19 (COE Municipal) teve reuni\u00e3o ordin\u00e1ria na tarde da \u00faltima quinta-feira (12), no anfiteatro da Prefeitura, para avaliar o quadro atual da pandemia em Umuarama e as a\u00e7\u00f5es desenvolvidas atualmente para conter o avan\u00e7o do cont\u00e1gio entre a popula\u00e7\u00e3o. A reuni\u00e3o teve presen\u00e7a do Minist\u00e9rio P\u00fablico, da 12\u00aa Regional de Sa\u00fade, da dire\u00e7\u00e3o do Cisa Amerios, da Vigil\u00e2ncia Sanit\u00e1ria\/ Covisa, dos hospitais, do Samu e da Associa\u00e7\u00e3o Comercial, Industrial e Agr\u00edcola (Aciu).<\/p>\n\n\n\n<p>O COE refor\u00e7ou que no momento n\u00e3o existe a inten\u00e7\u00e3o de restringir nenhuma atividade econ\u00f4mica, por\u00e9m \u00e9 fundamental que a popula\u00e7\u00e3o retome as medidas preventivas \u2013 como uso da m\u00e1scara, que \u00e9 obrigat\u00f3rio em locais p\u00fablicos; evitar aglomera\u00e7\u00f5es; manter distanciamento social e espa\u00e7o em filas; higieniza\u00e7\u00e3o constante das m\u00e3os; etiqueta respirat\u00f3ria e o cuidado com objetos de uso pessoal.<\/p>\n\n\n\n<p>De acordo com o COE, informa\u00e7\u00f5es sobre fechamento do com\u00e9rcio neste momento n\u00e3o passam de not\u00edcias falsas (fakenews) para desinformar ou at\u00e9 assustar a popula\u00e7\u00e3o e n\u00e3o devem ser passadas adiante.<\/p>\n\n\n\n<p><em>(Fonte: obemdito.com.br)<\/em><\/p>\n","protected":false},"excerpt":{"rendered":"<div class=\"mh-excerpt\"><p>A Defensoria P\u00fablica do Estado do Paran\u00e1 protocolou junto ao Tribunal de Justi\u00e7a do Paran\u00e1 um agravo de instrumento solicitando que as atividades n\u00e3o essenciais tenham suas atividades paralisadas em Umuarama. O pedido tem como <a class=\"mh-excerpt-more\" href=\"https:\/\/diadianoticias.com.br\/?p=39600\" title=\"Defensoria P\u00fablica pede interrup\u00e7\u00e3o de atividades n\u00e3o essenciais em Umuarama\">[&#8230;]<\/a><\/p>\n<\/div>","protected":false},"author":4,"featured_media":39601,"comment_status":"open","ping_status":"open","sticky":false,"template":"","format":"standard","meta":{"footnotes":""},"categories":[32,8],"tags":[],"class_list":{"0":"post-39600","1":"post","2":"type-post","3":"status-publish","4":"format-standard","5":"has-post-thumbnail","7":"category-destaque","8":"category-regionais"},"_links":{"self":[{"href":"https:\/\/diadianoticias.com.br\/index.php?rest_route=\/wp\/v2\/posts\/39600","targetHints":{"allow":["GET"]}}],"collection":[{"href":"https:\/\/diadianoticias.com.br\/index.php?rest_route=\/wp\/v2\/posts"}],"about":[{"href":"https:\/\/diadianoticias.com.br\/index.php?rest_route=\/wp\/v2\/types\/post"}],"author":[{"embeddable":true,"href":"https:\/\/diadianoticias.com.br\/index.php?rest_route=\/wp\/v2\/users\/4"}],"replies":[{"embeddable":true,"href":"https:\/\/diadianoticias.com.br\/index.php?rest_route=%2Fwp%2Fv2%2Fcomments&post=39600"}],"version-history":[{"count":1,"href":"https:\/\/diadianoticias.com.br\/index.php?rest_route=\/wp\/v2\/posts\/39600\/revisions"}],"predecessor-version":[{"id":39602,"href":"https:\/\/diadianoticias.com.br\/index.php?rest_route=\/wp\/v2\/posts\/39600\/revisions\/39602"}],"wp:featuredmedia":[{"embeddable":true,"href":"https:\/\/diadianoticias.com.br\/index.php?rest_route=\/wp\/v2\/media\/39601"}],"wp:attachment":[{"href":"https:\/\/diadianoticias.com.br\/index.php?rest_route=%2Fwp%2Fv2%2Fmedia&parent=39600"}],"wp:term":[{"taxonomy":"category","embeddable":true,"href":"https:\/\/diadianoticias.com.br\/index.php?rest_route=%2Fwp%2Fv2%2Fcategories&post=39600"},{"taxonomy":"post_tag","embeddable":true,"href":"https:\/\/diadianoticias.com.br\/index.php?rest_route=%2Fwp%2Fv2%2Ftags&post=39600"}],"curies":[{"name":"wp","href":"https:\/\/api.w.org\/{rel}","templated":true}]}}