{"id":39562,"date":"2020-11-11T14:49:21","date_gmt":"2020-11-11T14:49:21","guid":{"rendered":"https:\/\/diadianoticias.com.br\/?p=39562"},"modified":"2020-11-11T14:49:25","modified_gmt":"2020-11-11T14:49:25","slug":"governador-autoriza-nomeacao-de-186-novos-escrivaes-da-policia-civil","status":"publish","type":"post","link":"https:\/\/diadianoticias.com.br\/?p=39562","title":{"rendered":"Governador autoriza nomea\u00e7\u00e3o de 186 novos escriv\u00e3es da Pol\u00edcia Civil"},"content":{"rendered":"\n<div class=\"wp-block-image\"><figure class=\"aligncenter size-large\"><img loading=\"lazy\" decoding=\"async\" width=\"890\" height=\"593\" src=\"https:\/\/diadianoticias.com.br\/wp-content\/uploads\/2020\/11\/ratinho-nomeacao.jpg\" alt=\"\" class=\"wp-image-39563\" srcset=\"https:\/\/diadianoticias.com.br\/wp-content\/uploads\/2020\/11\/ratinho-nomeacao.jpg 890w, https:\/\/diadianoticias.com.br\/wp-content\/uploads\/2020\/11\/ratinho-nomeacao-300x200.jpg 300w, https:\/\/diadianoticias.com.br\/wp-content\/uploads\/2020\/11\/ratinho-nomeacao-768x512.jpg 768w\" sizes=\"auto, (max-width: 890px) 100vw, 890px\" \/><\/figure><\/div>\n\n\n\n<p>O governador Carlos Massa Ratinho Junior autorizou a nomea\u00e7\u00e3o de 186 candidatos aprovados em concurso p\u00fablico de 2018 para o cargo de Escriv\u00e3o de Pol\u00edcia, do Quadro Pr\u00f3prio de Pessoal da Pol\u00edcia Civil. A convoca\u00e7\u00e3o foi publicada no Di\u00e1rio Oficial do Estado desta ter\u00e7a-feira (10).<\/p>\n\n\n\n<p>De acordo com o governador, a contrata\u00e7\u00e3o de novos profissionais vai melhorar a estrutura dispon\u00edvel na solu\u00e7\u00e3o dos crimes, desafogando o trabalho da corpora\u00e7\u00e3o. \u201cEssa contrata\u00e7\u00e3o refor\u00e7a o efetivo da Pol\u00edcia Civil em todo o Estado. Era um compromisso que assumimos e que agora se efetiva\u201d, afirmou.<\/p>\n\n\n\n<p>Os escriv\u00e3es nomeados iniciar\u00e3o&nbsp;um curso de capacita\u00e7\u00e3o na Escola Superior da Pol\u00edcia Civil e depois os&nbsp;policiais ser\u00e3o distribu\u00eddos nas delegacias de pol\u00edcia de Curitiba e regi\u00e3o, al\u00e9m de cidades do Interior do Estado, conforme a necessidade.<\/p>\n\n\n\n<p>O delegado-geral da Pol\u00edcia Civil, S\u00edlvio Rockembach, afirmou que a convoca\u00e7\u00e3o resolve o deficit de pessoal da institui\u00e7\u00e3o. \u201cA falta de escriv\u00e3es era um problema hist\u00f3rico. Essa nomea\u00e7\u00e3o reafirma que a seguran\u00e7a p\u00fablica tem sido tratada&nbsp;como uma das principais prioridades do Governo do Estado\u201d, destacou. \u201c\u00c9 um refor\u00e7o de efetivo significativo que, em curto prazo, trar\u00e1 mais agilidade e efici\u00eancia ao trabalho da Pol\u00edcia Civil\u201d, completou ele.<\/p>\n\n\n\n<p>O concurso, realizado em 2018, recebeu 41.163 inscri\u00e7\u00f5es. Foram aprovados 633 profissionais, ap\u00f3s cinco fases de provas. O certame foi organizado pela Coordenadoria de Processos Seletivos da Universidade Estadual de Londrina (UEL). Al\u00e9m dos nomeados agora, outros 14 profissionais ainda dever\u00e3o ser chamados.<\/p>\n\n\n\n<p>A valoriza\u00e7\u00e3o das unidades policiais \u00e9 ressaltada pelo secret\u00e1rio da Seguran\u00e7a P\u00fablica, Romulo Marinho Soares. Segundo ele, nos \u00faltimos dois anos h\u00e1 um grande esfor\u00e7o do governo estadual para refor\u00e7ar a \u00e1rea de seguran\u00e7a. \u201c\u00c9 mais uma demonstra\u00e7\u00e3o do respeito e valoriza\u00e7\u00e3o das for\u00e7as policiais do Paran\u00e1\u201d, afirmou ele sobre a nomea\u00e7\u00e3o de novos escriv\u00e3es.<\/p>\n\n\n\n<p><strong>CAPACITA\u00c7\u00c3O&nbsp;<\/strong>\u2013 Em setembro, a Pol\u00edcia Civil ainda lan\u00e7ou um calend\u00e1rio anual de cursos de aperfei\u00e7oamento. Ser\u00e3o mais de 100 oportunidades para servidores do interior e da Capital at\u00e9 o final de 2021. A lista prev\u00ea 31 tipos de qualifica\u00e7\u00e3o para os policiais civis distribu\u00eddos em sete \u00e1reas. A maior parte (61) ser\u00e1 ministrada no interior, outros 43 em Curitiba e cinco na modalidade de ensino a dist\u00e2ncia.<\/p>\n\n\n\n<p><strong>RESULTADOS&nbsp;<\/strong>\u2013 Em 2020 o porcentual de elucida\u00e7\u00e3o de assassinatos na Capital confirmou o trabalho bem-sucedido dos policiais civis. Foram registrados 140 crimes e solucionados 124 entre janeiro e junho (88,5%). Nos Estados Unidos, pa\u00eds refer\u00eancia em qualidade nas investiga\u00e7\u00f5es policiais, o \u00edndice foi de 62,3% em 2018, \u00faltimos dados oficiais divulgados pelo FBI (Pol\u00edcia Federal dos EUA).<\/p>\n\n\n\n<p>\u201cO perfil t\u00e9cnico e o trabalho brilhante dos profissionais da Pol\u00edcia Civil ajudam a amenizar os problemas na \u00e1rea de seguran\u00e7a no Paran\u00e1\u201d, disse Ratinho Junior. \u201cO m\u00ednimo que o Estado pode fazer \u00e9 criar uma estrutura para que esses profissionais tenham um ambiente saud\u00e1vel para exercer essa expertise, alcan\u00e7ada com muitos anos de conhecimento e de preparo\u201d, acrescentou.<br><br>(Fonte: umuaramanews.com.br)<\/p>\n","protected":false},"excerpt":{"rendered":"<div class=\"mh-excerpt\"><p>O governador Carlos Massa Ratinho Junior autorizou a nomea\u00e7\u00e3o de 186 candidatos aprovados em concurso p\u00fablico de 2018 para o cargo de Escriv\u00e3o de Pol\u00edcia, do Quadro Pr\u00f3prio de Pessoal da Pol\u00edcia Civil. A convoca\u00e7\u00e3o <a class=\"mh-excerpt-more\" href=\"https:\/\/diadianoticias.com.br\/?p=39562\" title=\"Governador autoriza nomea\u00e7\u00e3o de 186 novos escriv\u00e3es da Pol\u00edcia Civil\">[&#8230;]<\/a><\/p>\n<\/div>","protected":false},"author":4,"featured_media":39565,"comment_status":"open","ping_status":"open","sticky":false,"template":"","format":"standard","meta":{"footnotes":""},"categories":[32,14],"tags":[],"class_list":{"0":"post-39562","1":"post","2":"type-post","3":"status-publish","4":"format-standard","5":"has-post-thumbnail","7":"category-destaque","8":"category-paran"},"_links":{"self":[{"href":"https:\/\/diadianoticias.com.br\/index.php?rest_route=\/wp\/v2\/posts\/39562","targetHints":{"allow":["GET"]}}],"collection":[{"href":"https:\/\/diadianoticias.com.br\/index.php?rest_route=\/wp\/v2\/posts"}],"about":[{"href":"https:\/\/diadianoticias.com.br\/index.php?rest_route=\/wp\/v2\/types\/post"}],"author":[{"embeddable":true,"href":"https:\/\/diadianoticias.com.br\/index.php?rest_route=\/wp\/v2\/users\/4"}],"replies":[{"embeddable":true,"href":"https:\/\/diadianoticias.com.br\/index.php?rest_route=%2Fwp%2Fv2%2Fcomments&post=39562"}],"version-history":[{"count":1,"href":"https:\/\/diadianoticias.com.br\/index.php?rest_route=\/wp\/v2\/posts\/39562\/revisions"}],"predecessor-version":[{"id":39566,"href":"https:\/\/diadianoticias.com.br\/index.php?rest_route=\/wp\/v2\/posts\/39562\/revisions\/39566"}],"wp:featuredmedia":[{"embeddable":true,"href":"https:\/\/diadianoticias.com.br\/index.php?rest_route=\/wp\/v2\/media\/39565"}],"wp:attachment":[{"href":"https:\/\/diadianoticias.com.br\/index.php?rest_route=%2Fwp%2Fv2%2Fmedia&parent=39562"}],"wp:term":[{"taxonomy":"category","embeddable":true,"href":"https:\/\/diadianoticias.com.br\/index.php?rest_route=%2Fwp%2Fv2%2Fcategories&post=39562"},{"taxonomy":"post_tag","embeddable":true,"href":"https:\/\/diadianoticias.com.br\/index.php?rest_route=%2Fwp%2Fv2%2Ftags&post=39562"}],"curies":[{"name":"wp","href":"https:\/\/api.w.org\/{rel}","templated":true}]}}