{"id":39555,"date":"2020-11-10T20:29:41","date_gmt":"2020-11-10T20:29:41","guid":{"rendered":"https:\/\/diadianoticias.com.br\/?p=39555"},"modified":"2020-11-10T20:29:44","modified_gmt":"2020-11-10T20:29:44","slug":"operacao-investiga-grupo-criminoso-no-pr-especializado-em-comercializacao-de-cabelos","status":"publish","type":"post","link":"https:\/\/diadianoticias.com.br\/?p=39555","title":{"rendered":"Opera\u00e7\u00e3o investiga grupo criminoso no PR especializado em comercializa\u00e7\u00e3o de cabelos"},"content":{"rendered":"\n<div class=\"wp-block-image\"><figure class=\"aligncenter size-large\"><img loading=\"lazy\" decoding=\"async\" width=\"1024\" height=\"768\" src=\"https:\/\/diadianoticias.com.br\/wp-content\/uploads\/2020\/11\/balon2-1068x801-2-1024x768.jpeg\" alt=\"\" class=\"wp-image-39557\" srcset=\"https:\/\/diadianoticias.com.br\/wp-content\/uploads\/2020\/11\/balon2-1068x801-2-1024x768.jpeg 1024w, https:\/\/diadianoticias.com.br\/wp-content\/uploads\/2020\/11\/balon2-1068x801-2-300x225.jpeg 300w, https:\/\/diadianoticias.com.br\/wp-content\/uploads\/2020\/11\/balon2-1068x801-2-768x576.jpeg 768w, https:\/\/diadianoticias.com.br\/wp-content\/uploads\/2020\/11\/balon2-1068x801-2-678x509.jpeg 678w, https:\/\/diadianoticias.com.br\/wp-content\/uploads\/2020\/11\/balon2-1068x801-2-326x245.jpeg 326w, https:\/\/diadianoticias.com.br\/wp-content\/uploads\/2020\/11\/balon2-1068x801-2-80x60.jpeg 80w, https:\/\/diadianoticias.com.br\/wp-content\/uploads\/2020\/11\/balon2-1068x801-2.jpeg 1068w\" sizes=\"auto, (max-width: 1024px) 100vw, 1024px\" \/><\/figure><\/div>\n\n\n\n<p>Na manh\u00e3 desta ter\u00e7a-feira (10\/11), foi deflagrada a opera\u00e7\u00e3o policial denominada \u201cBaalon\u201d, com o prop\u00f3sito de desarticular um grupo criminoso especializado em realizar importa\u00e7\u00e3o irregular de cabelos de origem estrangeira para posterior revenda em territ\u00f3rio nacional.<\/p>\n\n\n\n<p>As sete ordens judiciais (mandados de busca e apreens\u00e3o), expedidas pela 14\u00aa Vara Federal de Curitiba, est\u00e3o sendo cumpridas em Foz do Igua\u00e7u\/PR, Curitiba\/PR, S\u00e3o Paulo\/SP e Ara\u00e7atuba\/SP. Os investigados poder\u00e3o responder pelos crimes de organiza\u00e7\u00e3o criminosa, lavagem de dinheiro, evas\u00e3o de divisas e opera\u00e7\u00e3o irregular de institui\u00e7\u00e3o financeira.<\/p>\n\n\n\n<p>As investiga\u00e7\u00f5es tiveram como foco um grupo criminoso, parte dele composto por pessoas de origem indiana, voltado a realizar importa\u00e7\u00e3o irregular de cabelos humanos. Referidas mercadorias, quando n\u00e3o eram subfaturadas por meio de processos de importa\u00e7\u00e3o realizadas por empresas brasileiras, eram irregularmente internalizadas por meio da fronteira com o Paraguai. Vale ressaltar que a introdu\u00e7\u00e3o da mercadoria se dava por meio da supress\u00e3o parcial ou total de tributos que incidiam na opera\u00e7\u00e3o de importa\u00e7\u00e3o (crime de descaminho).<\/p>\n\n\n\n<p>Percebeu-se que as pessoas interessadas em adquirir essas mercadorias (clientes brasileiros que trabalham com o com\u00e9rcio de cabelos humanos) realizavam os respectivos pagamentos por meio de contas banc\u00e1rias tituladas por interpostas pessoas.<\/p>\n\n\n\n<p>Por sua vez, para que o grupo criminoso conseguisse realizar o pagamento de seus fornecedores estabelecidos no estrangeiro, os reais recebidos no Brasil eram ent\u00e3o convertidos em d\u00f3lares. A convers\u00e3o em moeda estrangeira ocorria com a remessa f\u00edsica de reais em esp\u00e9cie para o Paraguai ou por meio de contato com algum operador financeiro, que disponibilizava o contravalor via sistema internacional de compensa\u00e7\u00e3o paralelo, sem registro nos \u00f3rg\u00e3os oficiais, conhecido por d\u00f3lar-cabo.<\/p>\n\n\n\n<p><strong>\u2018Baalon\u2019<\/strong><\/p>\n\n\n\n<p>Considerando que alguns investigados possuem nacionalidade indiana e que as atividades comerciais que eles desenvolveram est\u00e3o relacionadas ao com\u00e9rcio de cabelos humanos, o nome da opera\u00e7\u00e3o faz refer\u00eancia a uma das tradu\u00e7\u00f5es da palavra \u201ccabelos\u201d para o idioma H\u00edndi, que \u00e9 \u201cBaalon\u201d.<\/p>\n\n\n\n<p>Fonte: CS\/DPF\/Foz do Igua\u00e7u<\/p>\n","protected":false},"excerpt":{"rendered":"<div class=\"mh-excerpt\"><p>Na manh\u00e3 desta ter\u00e7a-feira (10\/11), foi deflagrada a opera\u00e7\u00e3o policial denominada \u201cBaalon\u201d, com o prop\u00f3sito de desarticular um grupo criminoso especializado em realizar importa\u00e7\u00e3o irregular de cabelos de origem estrangeira para posterior revenda em territ\u00f3rio <a class=\"mh-excerpt-more\" href=\"https:\/\/diadianoticias.com.br\/?p=39555\" title=\"Opera\u00e7\u00e3o investiga grupo criminoso no PR especializado em comercializa\u00e7\u00e3o de cabelos\">[&#8230;]<\/a><\/p>\n<\/div>","protected":false},"author":4,"featured_media":39556,"comment_status":"open","ping_status":"open","sticky":false,"template":"","format":"standard","meta":{"footnotes":""},"categories":[32,14],"tags":[],"class_list":{"0":"post-39555","1":"post","2":"type-post","3":"status-publish","4":"format-standard","5":"has-post-thumbnail","7":"category-destaque","8":"category-paran"},"_links":{"self":[{"href":"https:\/\/diadianoticias.com.br\/index.php?rest_route=\/wp\/v2\/posts\/39555","targetHints":{"allow":["GET"]}}],"collection":[{"href":"https:\/\/diadianoticias.com.br\/index.php?rest_route=\/wp\/v2\/posts"}],"about":[{"href":"https:\/\/diadianoticias.com.br\/index.php?rest_route=\/wp\/v2\/types\/post"}],"author":[{"embeddable":true,"href":"https:\/\/diadianoticias.com.br\/index.php?rest_route=\/wp\/v2\/users\/4"}],"replies":[{"embeddable":true,"href":"https:\/\/diadianoticias.com.br\/index.php?rest_route=%2Fwp%2Fv2%2Fcomments&post=39555"}],"version-history":[{"count":1,"href":"https:\/\/diadianoticias.com.br\/index.php?rest_route=\/wp\/v2\/posts\/39555\/revisions"}],"predecessor-version":[{"id":39558,"href":"https:\/\/diadianoticias.com.br\/index.php?rest_route=\/wp\/v2\/posts\/39555\/revisions\/39558"}],"wp:featuredmedia":[{"embeddable":true,"href":"https:\/\/diadianoticias.com.br\/index.php?rest_route=\/wp\/v2\/media\/39556"}],"wp:attachment":[{"href":"https:\/\/diadianoticias.com.br\/index.php?rest_route=%2Fwp%2Fv2%2Fmedia&parent=39555"}],"wp:term":[{"taxonomy":"category","embeddable":true,"href":"https:\/\/diadianoticias.com.br\/index.php?rest_route=%2Fwp%2Fv2%2Fcategories&post=39555"},{"taxonomy":"post_tag","embeddable":true,"href":"https:\/\/diadianoticias.com.br\/index.php?rest_route=%2Fwp%2Fv2%2Ftags&post=39555"}],"curies":[{"name":"wp","href":"https:\/\/api.w.org\/{rel}","templated":true}]}}