{"id":39550,"date":"2020-11-10T19:13:13","date_gmt":"2020-11-10T19:13:13","guid":{"rendered":"https:\/\/diadianoticias.com.br\/?p=39550"},"modified":"2020-11-10T19:13:16","modified_gmt":"2020-11-10T19:13:16","slug":"corpo-em-avancado-estado-de-decomposicao-e-encontrado-em-fossa","status":"publish","type":"post","link":"https:\/\/diadianoticias.com.br\/?p=39550","title":{"rendered":"Corpo em avan\u00e7ado estado de decomposi\u00e7\u00e3o \u00e9 encontrado em fossa"},"content":{"rendered":"\n<div class=\"wp-block-image\"><figure class=\"aligncenter size-large\"><img loading=\"lazy\" decoding=\"async\" width=\"1018\" height=\"575\" src=\"https:\/\/diadianoticias.com.br\/wp-content\/uploads\/2020\/11\/iml-1.jpg\" alt=\"\" class=\"wp-image-39552\" srcset=\"https:\/\/diadianoticias.com.br\/wp-content\/uploads\/2020\/11\/iml-1.jpg 1018w, https:\/\/diadianoticias.com.br\/wp-content\/uploads\/2020\/11\/iml-1-300x169.jpg 300w, https:\/\/diadianoticias.com.br\/wp-content\/uploads\/2020\/11\/iml-1-768x434.jpg 768w\" sizes=\"auto, (max-width: 1018px) 100vw, 1018px\" \/><\/figure><\/div>\n\n\n\n<p>O corpo de um homem, ainda n\u00e3o identificado, foi encontrado dentro da fossa de uma resid\u00eancia localizada na rua Jorge Ferreira em Francisco Alves (PR). De acordo com o Portal do Viola, o corpo foi encontrado por um vizinho nesta segunda-feira (9).&nbsp;<\/p>\n\n\n\n<p>O vizinho relatou que sentiu um forte odor vindo da casa ao lado e como o im\u00f3vel est\u00e1 desocupado, pulou o muro para ver de havia algo de errado, percebeu que o odor vinha da fossa e encontrou o corpo.&nbsp;<\/p>\n\n\n\n<p>O corpo \u00e9 de uma pessoa do sexo masculino, est\u00e1 parcialmente carbonizado e em avan\u00e7ado estado de decomposi\u00e7\u00e3o. Foi removido para o IML (Instituto M\u00e9dico Legal) de Umuarama. A\u00a0Pol\u00edcia\u00a0Civil investiga o caso.\u00a0<\/p>\n\n\n\n<p><em>(Fonte: umuaramanews.com.br)<\/em><\/p>\n","protected":false},"excerpt":{"rendered":"<div class=\"mh-excerpt\"><p>O corpo de um homem, ainda n\u00e3o identificado, foi encontrado dentro da fossa de uma resid\u00eancia localizada na rua Jorge Ferreira em Francisco Alves (PR). De acordo com o Portal do Viola, o corpo foi <a class=\"mh-excerpt-more\" href=\"https:\/\/diadianoticias.com.br\/?p=39550\" title=\"Corpo em avan\u00e7ado estado de decomposi\u00e7\u00e3o \u00e9 encontrado em fossa\">[&#8230;]<\/a><\/p>\n<\/div>","protected":false},"author":4,"featured_media":39553,"comment_status":"open","ping_status":"open","sticky":false,"template":"","format":"standard","meta":{"footnotes":""},"categories":[32,14],"tags":[],"class_list":{"0":"post-39550","1":"post","2":"type-post","3":"status-publish","4":"format-standard","5":"has-post-thumbnail","7":"category-destaque","8":"category-paran"},"_links":{"self":[{"href":"https:\/\/diadianoticias.com.br\/index.php?rest_route=\/wp\/v2\/posts\/39550","targetHints":{"allow":["GET"]}}],"collection":[{"href":"https:\/\/diadianoticias.com.br\/index.php?rest_route=\/wp\/v2\/posts"}],"about":[{"href":"https:\/\/diadianoticias.com.br\/index.php?rest_route=\/wp\/v2\/types\/post"}],"author":[{"embeddable":true,"href":"https:\/\/diadianoticias.com.br\/index.php?rest_route=\/wp\/v2\/users\/4"}],"replies":[{"embeddable":true,"href":"https:\/\/diadianoticias.com.br\/index.php?rest_route=%2Fwp%2Fv2%2Fcomments&post=39550"}],"version-history":[{"count":1,"href":"https:\/\/diadianoticias.com.br\/index.php?rest_route=\/wp\/v2\/posts\/39550\/revisions"}],"predecessor-version":[{"id":39554,"href":"https:\/\/diadianoticias.com.br\/index.php?rest_route=\/wp\/v2\/posts\/39550\/revisions\/39554"}],"wp:featuredmedia":[{"embeddable":true,"href":"https:\/\/diadianoticias.com.br\/index.php?rest_route=\/wp\/v2\/media\/39553"}],"wp:attachment":[{"href":"https:\/\/diadianoticias.com.br\/index.php?rest_route=%2Fwp%2Fv2%2Fmedia&parent=39550"}],"wp:term":[{"taxonomy":"category","embeddable":true,"href":"https:\/\/diadianoticias.com.br\/index.php?rest_route=%2Fwp%2Fv2%2Fcategories&post=39550"},{"taxonomy":"post_tag","embeddable":true,"href":"https:\/\/diadianoticias.com.br\/index.php?rest_route=%2Fwp%2Fv2%2Ftags&post=39550"}],"curies":[{"name":"wp","href":"https:\/\/api.w.org\/{rel}","templated":true}]}}