{"id":39514,"date":"2020-11-06T18:13:25","date_gmt":"2020-11-06T18:13:25","guid":{"rendered":"https:\/\/diadianoticias.com.br\/?p=39514"},"modified":"2020-11-06T18:13:27","modified_gmt":"2020-11-06T18:13:27","slug":"carceragens-de-3-delegacias-da-regiao-de-maringa-serao-fechadas","status":"publish","type":"post","link":"https:\/\/diadianoticias.com.br\/?p=39514","title":{"rendered":"Carceragens de 3 delegacias da regi\u00e3o de Maring\u00e1 ser\u00e3o fechadas"},"content":{"rendered":"\n<div class=\"wp-block-image\"><figure class=\"aligncenter size-large\"><img loading=\"lazy\" decoding=\"async\" width=\"890\" height=\"593\" src=\"https:\/\/diadianoticias.com.br\/wp-content\/uploads\/2020\/11\/normal_IMG_7133.jpg\" alt=\"\" class=\"wp-image-39515\" srcset=\"https:\/\/diadianoticias.com.br\/wp-content\/uploads\/2020\/11\/normal_IMG_7133.jpg 890w, https:\/\/diadianoticias.com.br\/wp-content\/uploads\/2020\/11\/normal_IMG_7133-300x200.jpg 300w, https:\/\/diadianoticias.com.br\/wp-content\/uploads\/2020\/11\/normal_IMG_7133-768x512.jpg 768w\" sizes=\"auto, (max-width: 890px) 100vw, 890px\" \/><figcaption>Foto: Divulga\u00e7\u00e3o PCPR<\/figcaption><\/figure><\/div>\n\n\n\n<p>Um decreto assinado pelo governador do Paran\u00e1 esta semana p\u00f5e fim a um problema antigo em muitas delegacias: policiais civis obrigados a cuidar de presos. A gest\u00e3o de 41 carceragens em delegacias ser\u00e1 transferida para o Departamento Penitenci\u00e1rio (Depen).<br>Essas carceragens passar\u00e3o por adequa\u00e7\u00e3o na estrutura f\u00edsica e o pr\u00e9dio ser\u00e1 isolado da delegacia com entradas independentes. Onde for poss\u00edvel a carceragem vai ocupar um outro im\u00f3vel.<\/p>\n\n\n\n<p>Na regi\u00e3o noroeste, mais de dez carceragens est\u00e3o na lista, entre elas as carceragens das delegacias de Alto Paran\u00e1, Colorado, Alt\u00f4nia, Astorga, Nova Esperan\u00e7a, Marialva e Mandaguari.<\/p>\n\n\n\n<p>A carceragem de Campo Mour\u00e3o tamb\u00e9m ser\u00e1 transferida para o Depen. O delegado-chefe, Nilson Rodrigues, diz que ser\u00e1 um al\u00edvio para os investigadores que poder\u00e3o se dedicar exclusivamente ao trabalho de investiga\u00e7\u00e3o. A carceragem de Campo Mour\u00e3o tem 241 presos.<\/p>\n\n\n\n<p>\u201cAgora, com essa plenitude do decreto, passando 100% para o Depen, possibilitou que eu me dedique n\u00e3o s\u00f3 na gest\u00e3o da 16\u00ba, mas tamb\u00e9m, junto com delegados adjuntos, demais delegados, investiga\u00e7\u00e3o dos crimes. Mas posso tamb\u00e9m afirmar que minha equipe, que \u00e9 muito boa para investiga\u00e7\u00e3o, tem investigado muito bem, mas agora a tend\u00eancia, realmente, \u00e9 melhorar, porque vai sobrar um tempo maior para mim como gestor, vai sobrar um tempo maior para os demais delegados para que eles possam realmente se dedicar nas investiga\u00e7\u00f5es\u201d, explica o delegado-chefe.<\/p>\n\n\n\n<p>Vai sobrar mais tempo tamb\u00e9m para o delegado visitar as delegacias que fazem parte da 16\u00ba Subdivis\u00e3o Policial.<\/p>\n\n\n\n<p>\u201cO delegado-chefe tem uma gest\u00e3o sob toda a \u00e1rea da 16\u00ba, que s\u00e3o 15 munic\u00edpios, dentre esses 15 munic\u00edpios t\u00eam seis comarcas tamb\u00e9m [\u2026]. Ela exige que o delegado gestor visite essas delegacias, \u00e9 uma outra situa\u00e7\u00e3o que vai possibilitar que eu possa fazer uma visita mais constante desses locais, para saber as condi\u00e7\u00f5es de trabalho das suas respectivas \u00e1reas\u201d.<\/p>\n\n\n\n<p>Outras 15 carceragens ser\u00e3o completamente fechadas e os presos transferidos para casas de cust\u00f3dia. Entre elas, Cruzeiro do Oeste, Terra Rica e Santa F\u00e9 na regi\u00e3o de Maring\u00e1. No caso de flagrantes ou presos por ordem judicial, a Secretaria da Seguran\u00e7a P\u00fablica vai determinar o que fazer. Mas ficar\u00e1 proibida a deten\u00e7\u00e3o em celas tempor\u00e1rias por prazo superior ao necess\u00e1rio para a conclus\u00e3o dos procedimentos de investiga\u00e7\u00e3o.<br><br><em>(Fonte: gmconline.com.br)<\/em><\/p>\n","protected":false},"excerpt":{"rendered":"<div class=\"mh-excerpt\"><p>Um decreto assinado pelo governador do Paran\u00e1 esta semana p\u00f5e fim a um problema antigo em muitas delegacias: policiais civis obrigados a cuidar de presos. A gest\u00e3o de 41 carceragens em delegacias ser\u00e1 transferida para <a class=\"mh-excerpt-more\" href=\"https:\/\/diadianoticias.com.br\/?p=39514\" title=\"Carceragens de 3 delegacias da regi\u00e3o de Maring\u00e1 ser\u00e3o fechadas\">[&#8230;]<\/a><\/p>\n<\/div>","protected":false},"author":4,"featured_media":39516,"comment_status":"open","ping_status":"open","sticky":false,"template":"","format":"standard","meta":{"footnotes":""},"categories":[32,8],"tags":[],"class_list":{"0":"post-39514","1":"post","2":"type-post","3":"status-publish","4":"format-standard","5":"has-post-thumbnail","7":"category-destaque","8":"category-regionais"},"_links":{"self":[{"href":"https:\/\/diadianoticias.com.br\/index.php?rest_route=\/wp\/v2\/posts\/39514","targetHints":{"allow":["GET"]}}],"collection":[{"href":"https:\/\/diadianoticias.com.br\/index.php?rest_route=\/wp\/v2\/posts"}],"about":[{"href":"https:\/\/diadianoticias.com.br\/index.php?rest_route=\/wp\/v2\/types\/post"}],"author":[{"embeddable":true,"href":"https:\/\/diadianoticias.com.br\/index.php?rest_route=\/wp\/v2\/users\/4"}],"replies":[{"embeddable":true,"href":"https:\/\/diadianoticias.com.br\/index.php?rest_route=%2Fwp%2Fv2%2Fcomments&post=39514"}],"version-history":[{"count":1,"href":"https:\/\/diadianoticias.com.br\/index.php?rest_route=\/wp\/v2\/posts\/39514\/revisions"}],"predecessor-version":[{"id":39517,"href":"https:\/\/diadianoticias.com.br\/index.php?rest_route=\/wp\/v2\/posts\/39514\/revisions\/39517"}],"wp:featuredmedia":[{"embeddable":true,"href":"https:\/\/diadianoticias.com.br\/index.php?rest_route=\/wp\/v2\/media\/39516"}],"wp:attachment":[{"href":"https:\/\/diadianoticias.com.br\/index.php?rest_route=%2Fwp%2Fv2%2Fmedia&parent=39514"}],"wp:term":[{"taxonomy":"category","embeddable":true,"href":"https:\/\/diadianoticias.com.br\/index.php?rest_route=%2Fwp%2Fv2%2Fcategories&post=39514"},{"taxonomy":"post_tag","embeddable":true,"href":"https:\/\/diadianoticias.com.br\/index.php?rest_route=%2Fwp%2Fv2%2Ftags&post=39514"}],"curies":[{"name":"wp","href":"https:\/\/api.w.org\/{rel}","templated":true}]}}