{"id":39507,"date":"2020-11-06T14:11:28","date_gmt":"2020-11-06T14:11:28","guid":{"rendered":"https:\/\/diadianoticias.com.br\/?p=39507"},"modified":"2020-11-06T14:11:29","modified_gmt":"2020-11-06T14:11:29","slug":"jovem-e-preso-em-flagrante-por-trafico-de-drogas","status":"publish","type":"post","link":"https:\/\/diadianoticias.com.br\/?p=39507","title":{"rendered":"Jovem \u00e9 preso em flagrante por tr\u00e1fico de drogas"},"content":{"rendered":"\n<div class=\"wp-block-image\"><figure class=\"aligncenter size-large\"><img loading=\"lazy\" decoding=\"async\" width=\"1016\" height=\"568\" src=\"https:\/\/diadianoticias.com.br\/wp-content\/uploads\/2020\/11\/capa-maria-helena-1.jpg\" alt=\"\" class=\"wp-image-39509\" srcset=\"https:\/\/diadianoticias.com.br\/wp-content\/uploads\/2020\/11\/capa-maria-helena-1.jpg 1016w, https:\/\/diadianoticias.com.br\/wp-content\/uploads\/2020\/11\/capa-maria-helena-1-300x168.jpg 300w, https:\/\/diadianoticias.com.br\/wp-content\/uploads\/2020\/11\/capa-maria-helena-1-768x429.jpg 768w\" sizes=\"auto, (max-width: 1016px) 100vw, 1016px\" \/><\/figure><\/div>\n\n\n\n<p>Um jovem de 19 anos foi preso em flagrante na madrugada desta sexta-feira (6) acusado de cometer o crime de tr\u00e1fico de drogas. O caso aconteceu na cidade de Francisco Alves (PR) e de acordo com relatos policiais, com o acusado foram apreendidas coca\u00edna e maconha.<\/p>\n\n\n\n<p>A pris\u00e3o foi realizada durante a opera\u00e7\u00e3o Coruj\u00e3o realizada pela ROTAM (Rondas Ostensivas T\u00e1ticas Metropolitanas) nesta madrugada. O suspeito foi abordado na rua Joaquim dos Santos Pereira depois de ser visto dispensando um objeto no ch\u00e3o no momento que percebeu a aproxima\u00e7\u00e3o da viatura policial.<\/p>\n\n\n\n<p>Escondido na capa do celular do jovem, identificado como J. C.O. S., foram encontradas duas por\u00e7\u00f5es de coca\u00edna preparadas para a venda e mais uma quantia em dinheiro e no local onde o acusado teria atirado o objeto quando avistou a aproxima\u00e7\u00e3o da PM os agentes localizaram uma por\u00e7\u00e3o de maconha tamb\u00e9m preparada para a venda.<\/p>\n\n\n\n<p>Os policiais foram levados at\u00e9 a casa do suspeito, onde em busca autorizada pelo jovem, encontraram 11 por\u00e7\u00f5es de coca\u00edna, sementes de maconha e mais um tablete da mesma substancia envolto em papel filme e fita adesiva, pesando 500g.<\/p>\n\n\n\n<p>Diante dos fatos o jovem foi conduzido para a delegacia de Ipor\u00e3 onde foi preso em flagrante.<\/p>\n\n\n\n<p>(Fonte: umuaramanews.com.br)<\/p>\n","protected":false},"excerpt":{"rendered":"<div class=\"mh-excerpt\"><p>Um jovem de 19 anos foi preso em flagrante na madrugada desta sexta-feira (6) acusado de cometer o crime de tr\u00e1fico de drogas. O caso aconteceu na cidade de Francisco Alves (PR) e de acordo <a class=\"mh-excerpt-more\" href=\"https:\/\/diadianoticias.com.br\/?p=39507\" title=\"Jovem \u00e9 preso em flagrante por tr\u00e1fico de drogas\">[&#8230;]<\/a><\/p>\n<\/div>","protected":false},"author":4,"featured_media":39509,"comment_status":"open","ping_status":"open","sticky":false,"template":"","format":"standard","meta":{"footnotes":""},"categories":[32,14],"tags":[],"class_list":{"0":"post-39507","1":"post","2":"type-post","3":"status-publish","4":"format-standard","5":"has-post-thumbnail","7":"category-destaque","8":"category-paran"},"_links":{"self":[{"href":"https:\/\/diadianoticias.com.br\/index.php?rest_route=\/wp\/v2\/posts\/39507","targetHints":{"allow":["GET"]}}],"collection":[{"href":"https:\/\/diadianoticias.com.br\/index.php?rest_route=\/wp\/v2\/posts"}],"about":[{"href":"https:\/\/diadianoticias.com.br\/index.php?rest_route=\/wp\/v2\/types\/post"}],"author":[{"embeddable":true,"href":"https:\/\/diadianoticias.com.br\/index.php?rest_route=\/wp\/v2\/users\/4"}],"replies":[{"embeddable":true,"href":"https:\/\/diadianoticias.com.br\/index.php?rest_route=%2Fwp%2Fv2%2Fcomments&post=39507"}],"version-history":[{"count":1,"href":"https:\/\/diadianoticias.com.br\/index.php?rest_route=\/wp\/v2\/posts\/39507\/revisions"}],"predecessor-version":[{"id":39510,"href":"https:\/\/diadianoticias.com.br\/index.php?rest_route=\/wp\/v2\/posts\/39507\/revisions\/39510"}],"wp:featuredmedia":[{"embeddable":true,"href":"https:\/\/diadianoticias.com.br\/index.php?rest_route=\/wp\/v2\/media\/39509"}],"wp:attachment":[{"href":"https:\/\/diadianoticias.com.br\/index.php?rest_route=%2Fwp%2Fv2%2Fmedia&parent=39507"}],"wp:term":[{"taxonomy":"category","embeddable":true,"href":"https:\/\/diadianoticias.com.br\/index.php?rest_route=%2Fwp%2Fv2%2Fcategories&post=39507"},{"taxonomy":"post_tag","embeddable":true,"href":"https:\/\/diadianoticias.com.br\/index.php?rest_route=%2Fwp%2Fv2%2Ftags&post=39507"}],"curies":[{"name":"wp","href":"https:\/\/api.w.org\/{rel}","templated":true}]}}