{"id":39492,"date":"2020-11-05T20:47:06","date_gmt":"2020-11-05T20:47:06","guid":{"rendered":"https:\/\/diadianoticias.com.br\/?p=39492"},"modified":"2020-11-05T20:47:08","modified_gmt":"2020-11-05T20:47:08","slug":"funcionario-furta-e-vende-ferramentas-do-patrao-e-tres-vao-parar-na-delegacia-em-cianorte","status":"publish","type":"post","link":"https:\/\/diadianoticias.com.br\/?p=39492","title":{"rendered":"Funcion\u00e1rio furta e vende ferramentas do patr\u00e3o e tr\u00eas v\u00e3o parar na delegacia em Cianorte"},"content":{"rendered":"\n<div class=\"wp-block-image\"><figure class=\"aligncenter size-large\"><img loading=\"lazy\" decoding=\"async\" width=\"768\" height=\"1024\" src=\"https:\/\/diadianoticias.com.br\/wp-content\/uploads\/2020\/11\/WhatsApp-Image-2020-11-05-at-15.49.42-1-768x1024.jpeg\" alt=\"\" class=\"wp-image-39494\" srcset=\"https:\/\/diadianoticias.com.br\/wp-content\/uploads\/2020\/11\/WhatsApp-Image-2020-11-05-at-15.49.42-1-768x1024.jpeg 768w, https:\/\/diadianoticias.com.br\/wp-content\/uploads\/2020\/11\/WhatsApp-Image-2020-11-05-at-15.49.42-1-225x300.jpeg 225w, https:\/\/diadianoticias.com.br\/wp-content\/uploads\/2020\/11\/WhatsApp-Image-2020-11-05-at-15.49.42-1.jpeg 960w\" sizes=\"auto, (max-width: 768px) 100vw, 768px\" \/><\/figure><\/div>\n\n\n\n<p>No \u00faltimo dia 02, a Central de Opera\u00e7\u00f5es da Pol\u00edcia Militar de Cianorte recebeu uma den\u00fancia an\u00f4nima informando sobre a venda de ferramentas usadas em um grupo do \u201cFacebook\u201d (onde foi poss\u00edvel visualizar fotos), a pre\u00e7o relativamente abaixo do valor de mercado, e que tais ferramentas poderiam ser provenientes de furto. O denunciante informou ainda, que o vendedor dos equipamentos estaria na Rua Coroados, em via p\u00fablica.<\/p>\n\n\n\n<p>Diante da suspeita, uma equipe deslocou at\u00e9 o local citado e abordou um rapaz, de 20 anos, o qual declarou \u00e0 equipe que os equipamentos eram de sua propriedade, e que o valor era inferior porque teria adquirido no Paraguai, para o exerc\u00edcio de sua profiss\u00e3o, sendo o abordado qualificado e liberado no local.<\/p>\n\n\n\n<p>Ja na tarde dessa quarta-feira (04), por volta das 15h15, um homem chegou at\u00e9 a sede da 5\u00aa CIPM, relatando que foi informado por um amigo, que em grupos do \u201cFacebook\u201d teriam equipamentos\/ferramentas id\u00eanticos aos de sua propriedade, sendo ofertados por valores abaixo dos valores de mercado. Ao receber a informa\u00e7\u00e3o, o noticiante deslocou at\u00e9 um c\u00f4modo que fica aos fundos de sua resid\u00eancia e percebeu que suas ferramentas haviam sido furtadas, sem que houvesse qualquer dano em portas e port\u00f5es de sua casa. A v\u00edtima disse ainda as marcas e modelos de seus equipamentos, os quais eram condizentes com as visualizadas pelos policiais na abordagem do dia 02, inclusive ao ser a ele apresentada a foto, o mesmo confirmou de pronto que seriam seus equipamentos e, de imediato, foi elaborado o boletim de furto.<\/p>\n\n\n\n<p>Diante dos fatos, os policiais iniciaram dilig\u00eancias com intuito de localizar a pessoa que estava em posse das ferramentas, sendo ele localizado na Rua Itapicuru. Ao ser abordado, o suspeito foi cientificado sobre o registro da ocorr\u00eancia de furto de equipamentos, cujos objetos furtados seriam id\u00eanticos aos que estavam em sua posse na abordagem realizada em data anterior, inclusive com reconhecimento de fotos por parte do propriet\u00e1rio.<\/p>\n\n\n\n<p>Ao ser questionado, ele admitiu que era funcion\u00e1rio da v\u00edtima, e que se aproveitou das ocasi\u00f5es em que tinha acesso \u00e0 resid\u00eancia, para se apropriar dos equipamentos. O rapaz admitiu ainda, que, al\u00e9m das ferramentas, subtraiu outros diversos itens. Informou ainda que apenas duas delas estavam em sua resid\u00eancia, sendo elas uma serra tico-tico, e um martelete pequeno, e que os outros itens ele havia vendido \u00e0 outra pessoa, morador da Rua Mour\u00e3o.<\/p>\n\n\n\n<p>De posse da informa\u00e7\u00e3o, as equipes deslocaram at\u00e9 o endere\u00e7o citado pelo abordado e, em contato com a segunda pessoa, o mesmo apresentou alguns equipamentos \u00e0 equipe, sendo eles um motor de betoneira, um martelete grande, um esmeril. Ele informou tamb\u00e9m que teria vendido um ma\u00e7arico e um man\u00f4metro, para uma terceira pessoa, e que n\u00e3o tinha conhecimento sobre a proced\u00eancia dos produtos. Em ato cont\u00ednuo, foi solicitado ao que entrasse em contato com comprador, o qual deslocou at\u00e9 a Rua Mour\u00e3o e apresentou \u00e0s equipes o equipamento em quest\u00e3o.<\/p>\n\n\n\n<p>Diante dos fatos, os envolvidos foram cientificados de seus direitos, sendo conduzidos \u00e0 UPA para exame e laudo de les\u00e3o corporal e, posteriormente, conduzidos \u00e0 21\u00aa Subdivis\u00e3o de Pol\u00edcia Civil, junto com os objetos apreendidos, para os procedimentos cab\u00edveis.<\/p>\n\n\n\n<p>(Fonte \u2013 Pol\u00edcia Militar)<\/p>\n","protected":false},"excerpt":{"rendered":"<div class=\"mh-excerpt\"><p>No \u00faltimo dia 02, a Central de Opera\u00e7\u00f5es da Pol\u00edcia Militar de Cianorte recebeu uma den\u00fancia an\u00f4nima informando sobre a venda de ferramentas usadas em um grupo do \u201cFacebook\u201d (onde foi poss\u00edvel visualizar fotos), a <a class=\"mh-excerpt-more\" href=\"https:\/\/diadianoticias.com.br\/?p=39492\" title=\"Funcion\u00e1rio furta e vende ferramentas do patr\u00e3o e tr\u00eas v\u00e3o parar na delegacia em Cianorte\">[&#8230;]<\/a><\/p>\n<\/div>","protected":false},"author":4,"featured_media":39494,"comment_status":"open","ping_status":"open","sticky":false,"template":"","format":"standard","meta":{"footnotes":""},"categories":[32,5],"tags":[],"class_list":{"0":"post-39492","1":"post","2":"type-post","3":"status-publish","4":"format-standard","5":"has-post-thumbnail","7":"category-destaque","8":"category-policiais"},"_links":{"self":[{"href":"https:\/\/diadianoticias.com.br\/index.php?rest_route=\/wp\/v2\/posts\/39492","targetHints":{"allow":["GET"]}}],"collection":[{"href":"https:\/\/diadianoticias.com.br\/index.php?rest_route=\/wp\/v2\/posts"}],"about":[{"href":"https:\/\/diadianoticias.com.br\/index.php?rest_route=\/wp\/v2\/types\/post"}],"author":[{"embeddable":true,"href":"https:\/\/diadianoticias.com.br\/index.php?rest_route=\/wp\/v2\/users\/4"}],"replies":[{"embeddable":true,"href":"https:\/\/diadianoticias.com.br\/index.php?rest_route=%2Fwp%2Fv2%2Fcomments&post=39492"}],"version-history":[{"count":1,"href":"https:\/\/diadianoticias.com.br\/index.php?rest_route=\/wp\/v2\/posts\/39492\/revisions"}],"predecessor-version":[{"id":39495,"href":"https:\/\/diadianoticias.com.br\/index.php?rest_route=\/wp\/v2\/posts\/39492\/revisions\/39495"}],"wp:featuredmedia":[{"embeddable":true,"href":"https:\/\/diadianoticias.com.br\/index.php?rest_route=\/wp\/v2\/media\/39494"}],"wp:attachment":[{"href":"https:\/\/diadianoticias.com.br\/index.php?rest_route=%2Fwp%2Fv2%2Fmedia&parent=39492"}],"wp:term":[{"taxonomy":"category","embeddable":true,"href":"https:\/\/diadianoticias.com.br\/index.php?rest_route=%2Fwp%2Fv2%2Fcategories&post=39492"},{"taxonomy":"post_tag","embeddable":true,"href":"https:\/\/diadianoticias.com.br\/index.php?rest_route=%2Fwp%2Fv2%2Ftags&post=39492"}],"curies":[{"name":"wp","href":"https:\/\/api.w.org\/{rel}","templated":true}]}}