{"id":38394,"date":"2020-08-26T20:00:41","date_gmt":"2020-08-26T20:00:41","guid":{"rendered":"http:\/\/diadianoticias.com.br\/?p=38394"},"modified":"2020-08-26T20:00:44","modified_gmt":"2020-08-26T20:00:44","slug":"foragido-condenado-por-latrocinio-e-preso-em-guaira","status":"publish","type":"post","link":"https:\/\/diadianoticias.com.br\/?p=38394","title":{"rendered":"Foragido condenado por latroc\u00ednio \u00e9 preso em Gua\u00edra"},"content":{"rendered":"\n<div class=\"wp-block-image\"><figure class=\"aligncenter size-large\"><img loading=\"lazy\" decoding=\"async\" width=\"1024\" height=\"768\" src=\"http:\/\/diadianoticias.com.br\/wp-content\/uploads\/2020\/08\/foragido-guaira-1068x801-1-1024x768.jpeg\" alt=\"\" class=\"wp-image-38395\" srcset=\"https:\/\/diadianoticias.com.br\/wp-content\/uploads\/2020\/08\/foragido-guaira-1068x801-1-1024x768.jpeg 1024w, https:\/\/diadianoticias.com.br\/wp-content\/uploads\/2020\/08\/foragido-guaira-1068x801-1-300x225.jpeg 300w, https:\/\/diadianoticias.com.br\/wp-content\/uploads\/2020\/08\/foragido-guaira-1068x801-1-768x576.jpeg 768w, https:\/\/diadianoticias.com.br\/wp-content\/uploads\/2020\/08\/foragido-guaira-1068x801-1-678x509.jpeg 678w, https:\/\/diadianoticias.com.br\/wp-content\/uploads\/2020\/08\/foragido-guaira-1068x801-1-326x245.jpeg 326w, https:\/\/diadianoticias.com.br\/wp-content\/uploads\/2020\/08\/foragido-guaira-1068x801-1-80x60.jpeg 80w, https:\/\/diadianoticias.com.br\/wp-content\/uploads\/2020\/08\/foragido-guaira-1068x801-1.jpeg 1068w\" sizes=\"auto, (max-width: 1024px) 100vw, 1024px\" \/><\/figure><\/div>\n\n\n\n<p>Um homem, que estava foragido da justi\u00e7a, foi preso nesta ter\u00e7a-feira (25) pela Pol\u00edcia Rodovi\u00e1ria Federal em Gua\u00edra (PR). Segundo a pol\u00edcia, ele tinha um mandado de pris\u00e3o por latroc\u00ednio (roubo seguido de morte).<\/p>\n\n\n\n<p>De acordo com o boletim de ocorr\u00eancias, durante a\u00e7\u00e3o de fiscaliza\u00e7\u00e3o conjunta com o ex\u00e9rcito brasileiro na BR-163 pr\u00f3ximo \u00e0 Ponte Ayrton Senna, os agentes da PRF abordaram um \u00f4nibus que vinha de Rond\u00f4nia e ao conversar com os passageiros desconfiaram de um homem que apresentou nervosismo ao ser questionado sobre os motivos da viagem.<\/p>\n\n\n\n<p>Os policiais descobriram que havia um mandado de pris\u00e3o contra ele por latroc\u00ednio. Ap\u00f3s ser preso ele afirmou que usava tornozeleira eletr\u00f4nica, mas tinha cortado h\u00e1 dois anos. Disse ainda que estava indo para Umuarama (PR).<\/p>\n\n\n\n<p>O foragido foi encaminhado para o DEPEN de Gua\u00edra.<\/p>\n\n\n\n<p><em>(Fonte: umuaramanews.com.br)<\/em><\/p>\n","protected":false},"excerpt":{"rendered":"<div class=\"mh-excerpt\"><p>Um homem, que estava foragido da justi\u00e7a, foi preso nesta ter\u00e7a-feira (25) pela Pol\u00edcia Rodovi\u00e1ria Federal em Gua\u00edra (PR). Segundo a pol\u00edcia, ele tinha um mandado de pris\u00e3o por latroc\u00ednio (roubo seguido de morte). De <a class=\"mh-excerpt-more\" href=\"https:\/\/diadianoticias.com.br\/?p=38394\" title=\"Foragido condenado por latroc\u00ednio \u00e9 preso em Gua\u00edra\">[&#8230;]<\/a><\/p>\n<\/div>","protected":false},"author":4,"featured_media":38395,"comment_status":"open","ping_status":"open","sticky":false,"template":"","format":"standard","meta":{"footnotes":""},"categories":[32,14],"tags":[],"class_list":{"0":"post-38394","1":"post","2":"type-post","3":"status-publish","4":"format-standard","5":"has-post-thumbnail","7":"category-destaque","8":"category-paran"},"_links":{"self":[{"href":"https:\/\/diadianoticias.com.br\/index.php?rest_route=\/wp\/v2\/posts\/38394","targetHints":{"allow":["GET"]}}],"collection":[{"href":"https:\/\/diadianoticias.com.br\/index.php?rest_route=\/wp\/v2\/posts"}],"about":[{"href":"https:\/\/diadianoticias.com.br\/index.php?rest_route=\/wp\/v2\/types\/post"}],"author":[{"embeddable":true,"href":"https:\/\/diadianoticias.com.br\/index.php?rest_route=\/wp\/v2\/users\/4"}],"replies":[{"embeddable":true,"href":"https:\/\/diadianoticias.com.br\/index.php?rest_route=%2Fwp%2Fv2%2Fcomments&post=38394"}],"version-history":[{"count":1,"href":"https:\/\/diadianoticias.com.br\/index.php?rest_route=\/wp\/v2\/posts\/38394\/revisions"}],"predecessor-version":[{"id":38396,"href":"https:\/\/diadianoticias.com.br\/index.php?rest_route=\/wp\/v2\/posts\/38394\/revisions\/38396"}],"wp:featuredmedia":[{"embeddable":true,"href":"https:\/\/diadianoticias.com.br\/index.php?rest_route=\/wp\/v2\/media\/38395"}],"wp:attachment":[{"href":"https:\/\/diadianoticias.com.br\/index.php?rest_route=%2Fwp%2Fv2%2Fmedia&parent=38394"}],"wp:term":[{"taxonomy":"category","embeddable":true,"href":"https:\/\/diadianoticias.com.br\/index.php?rest_route=%2Fwp%2Fv2%2Fcategories&post=38394"},{"taxonomy":"post_tag","embeddable":true,"href":"https:\/\/diadianoticias.com.br\/index.php?rest_route=%2Fwp%2Fv2%2Ftags&post=38394"}],"curies":[{"name":"wp","href":"https:\/\/api.w.org\/{rel}","templated":true}]}}