{"id":35808,"date":"2020-02-28T20:36:29","date_gmt":"2020-02-28T20:36:29","guid":{"rendered":"http:\/\/diadianoticias.com.br\/?p=35808"},"modified":"2020-02-28T20:36:31","modified_gmt":"2020-02-28T20:36:31","slug":"jovem-com-suspeita-de-coronavirus-da-entrada-no-upa-zona-sul-de-maringa","status":"publish","type":"post","link":"https:\/\/diadianoticias.com.br\/?p=35808","title":{"rendered":"Jovem com suspeita de coronav\u00edrus da entrada no UPA \u2013 Zona Sul de Maring\u00e1"},"content":{"rendered":"\n<figure class=\"wp-block-image\"><img loading=\"lazy\" decoding=\"async\" width=\"1024\" height=\"683\" src=\"http:\/\/diadianoticias.com.br\/wp-content\/uploads\/2020\/02\/gd_jovem-com-suspeita-de-coronavirus-da-entrada-no-upa-zona-sul-de-maringa-3568-7721-1024x683.jpg\" alt=\"\" class=\"wp-image-35809\" srcset=\"https:\/\/diadianoticias.com.br\/wp-content\/uploads\/2020\/02\/gd_jovem-com-suspeita-de-coronavirus-da-entrada-no-upa-zona-sul-de-maringa-3568-7721-1024x683.jpg 1024w, https:\/\/diadianoticias.com.br\/wp-content\/uploads\/2020\/02\/gd_jovem-com-suspeita-de-coronavirus-da-entrada-no-upa-zona-sul-de-maringa-3568-7721-300x200.jpg 300w, https:\/\/diadianoticias.com.br\/wp-content\/uploads\/2020\/02\/gd_jovem-com-suspeita-de-coronavirus-da-entrada-no-upa-zona-sul-de-maringa-3568-7721-768x512.jpg 768w, https:\/\/diadianoticias.com.br\/wp-content\/uploads\/2020\/02\/gd_jovem-com-suspeita-de-coronavirus-da-entrada-no-upa-zona-sul-de-maringa-3568-7721.jpg 1620w\" sizes=\"auto, (max-width: 1024px) 100vw, 1024px\" \/><\/figure>\n\n\n\n<p>Um jovem de 23 anos deu entrada com sintomas do novo coronav\u00edrus na Unidade de Pronto Atendimento (UPA) Zona Sul, em Maring\u00e1, na manh\u00e3 desta sexta-feira (28). Segundo informa\u00e7\u00f5es, o homem esta sendo atendido neste momento na unidade hospital e teria vindo da It\u00e1lia na ultima ter\u00e7a-feira.\u00a0 O Jovem est\u00e1 coletando sangue para realiza\u00e7\u00e3o de exames. <\/p>\n\n\n\n<p><em>(Fonte: plantaomaringa.com)<\/em><\/p>\n","protected":false},"excerpt":{"rendered":"<div class=\"mh-excerpt\"><p>Um jovem de 23 anos deu entrada com sintomas do novo coronav\u00edrus na Unidade de Pronto Atendimento (UPA) Zona Sul, em Maring\u00e1, na manh\u00e3 desta sexta-feira (28). Segundo informa\u00e7\u00f5es, o homem esta sendo atendido neste <a class=\"mh-excerpt-more\" href=\"https:\/\/diadianoticias.com.br\/?p=35808\" title=\"Jovem com suspeita de coronav\u00edrus da entrada no UPA \u2013 Zona Sul de Maring\u00e1\">[&#8230;]<\/a><\/p>\n<\/div>","protected":false},"author":4,"featured_media":35809,"comment_status":"open","ping_status":"open","sticky":false,"template":"","format":"standard","meta":{"footnotes":""},"categories":[32,8,19],"tags":[],"class_list":{"0":"post-35808","1":"post","2":"type-post","3":"status-publish","4":"format-standard","5":"has-post-thumbnail","7":"category-destaque","8":"category-regionais","9":"category-saude"},"_links":{"self":[{"href":"https:\/\/diadianoticias.com.br\/index.php?rest_route=\/wp\/v2\/posts\/35808","targetHints":{"allow":["GET"]}}],"collection":[{"href":"https:\/\/diadianoticias.com.br\/index.php?rest_route=\/wp\/v2\/posts"}],"about":[{"href":"https:\/\/diadianoticias.com.br\/index.php?rest_route=\/wp\/v2\/types\/post"}],"author":[{"embeddable":true,"href":"https:\/\/diadianoticias.com.br\/index.php?rest_route=\/wp\/v2\/users\/4"}],"replies":[{"embeddable":true,"href":"https:\/\/diadianoticias.com.br\/index.php?rest_route=%2Fwp%2Fv2%2Fcomments&post=35808"}],"version-history":[{"count":1,"href":"https:\/\/diadianoticias.com.br\/index.php?rest_route=\/wp\/v2\/posts\/35808\/revisions"}],"predecessor-version":[{"id":35810,"href":"https:\/\/diadianoticias.com.br\/index.php?rest_route=\/wp\/v2\/posts\/35808\/revisions\/35810"}],"wp:featuredmedia":[{"embeddable":true,"href":"https:\/\/diadianoticias.com.br\/index.php?rest_route=\/wp\/v2\/media\/35809"}],"wp:attachment":[{"href":"https:\/\/diadianoticias.com.br\/index.php?rest_route=%2Fwp%2Fv2%2Fmedia&parent=35808"}],"wp:term":[{"taxonomy":"category","embeddable":true,"href":"https:\/\/diadianoticias.com.br\/index.php?rest_route=%2Fwp%2Fv2%2Fcategories&post=35808"},{"taxonomy":"post_tag","embeddable":true,"href":"https:\/\/diadianoticias.com.br\/index.php?rest_route=%2Fwp%2Fv2%2Ftags&post=35808"}],"curies":[{"name":"wp","href":"https:\/\/api.w.org\/{rel}","templated":true}]}}