{"id":31347,"date":"2019-03-14T10:36:48","date_gmt":"2019-03-14T10:36:48","guid":{"rendered":"http:\/\/diadianoticias.com.br\/?p=31347"},"modified":"2019-03-14T10:36:48","modified_gmt":"2019-03-14T10:36:48","slug":"atleta-cianortense-representara-o-parana-no-campeonato-brasileiro-escolar","status":"publish","type":"post","link":"https:\/\/diadianoticias.com.br\/?p=31347","title":{"rendered":"Atleta cianortense representar\u00e1 o Paran\u00e1 no Campeonato Brasileiro Escolar"},"content":{"rendered":"<p><em>Suzielly Rodrigues Arcangelo, de 15 anos, recebeu a convoca\u00e7\u00e3o nessa ter\u00e7a-feira (12). Ela ir\u00e1 disputar os 400 metros rasos e o salto em dist\u00e2ncia <\/em><\/p>\n<p><a href=\"http:\/\/diadianoticias.com.br\/wp-content\/uploads\/2019\/03\/Suzielly.jpg\"><img loading=\"lazy\" decoding=\"async\" class=\"alignleft size-medium wp-image-31348\" src=\"http:\/\/diadianoticias.com.br\/wp-content\/uploads\/2019\/03\/Suzielly-200x300.jpg\" alt=\"\" width=\"200\" height=\"300\" srcset=\"https:\/\/diadianoticias.com.br\/wp-content\/uploads\/2019\/03\/Suzielly-200x300.jpg 200w, https:\/\/diadianoticias.com.br\/wp-content\/uploads\/2019\/03\/Suzielly-768x1152.jpg 768w, https:\/\/diadianoticias.com.br\/wp-content\/uploads\/2019\/03\/Suzielly-683x1024.jpg 683w, https:\/\/diadianoticias.com.br\/wp-content\/uploads\/2019\/03\/Suzielly.jpg 879w\" sizes=\"auto, (max-width: 200px) 100vw, 200px\" \/><\/a>A competi\u00e7\u00e3o esportiva escolar mais importante do pa\u00eds contar\u00e1 com a presen\u00e7a de uma cianortense. Suzielly Rodrigues Arcangelo, de 15 anos, foi convocada, nessa ter\u00e7a-feira (12), pela Sele\u00e7\u00e3o Paranaense Escolar, para representar o estado no Campeonato Brasileiro Escolar, que acontece em Natal, entre os dias 11 e 14 de abril. A jovem, que integra o grupo de aperfei\u00e7oamento do Gera\u00e7\u00e3o Atletismo, projeto de inicia\u00e7\u00e3o esportiva da Prefeitura, ir\u00e1 disputar pelas categorias 400 metros rasos e salto em dist\u00e2ncia.<\/p>\n<p>\u201cSer\u00e1 um grande desafio. Al\u00e9m de concorrentes de alto n\u00edvel, temos pouco tempo para a prepara\u00e7\u00e3o: s\u00e3o menos de 30 dias. Ainda assim, durante esse per\u00edodo, iremos fazer o treino recuperativo, para melhorar ainda mais as marcas dela\u201d, exp\u00f5e a t\u00e9cnica e coordenadora do projeto, Tamires Santos. Al\u00e9m de Suzielly, apenas outras cinco atletas da categoria sub-18 ir\u00e3o representar o estado na competi\u00e7\u00e3o, que \u00e9 uma seletiva para o Campeonato Mundial Escolar, que acontece em Split, na Cro\u00e1cia, entre os dias 13 e 19 de maio.<\/p>\n<p>Suzielly, que \u00e9 aluna do 2\u00ba ano do Ensino M\u00e9dio, do Col\u00e9gio Estadual Jos\u00e9 Guimar\u00e3es, participa h\u00e1 dois anos do Gera\u00e7\u00e3o Atletismo e, apesar do pouco tempo em contato com o esporte, j\u00e1 coleciona importantes vit\u00f3rias. No \u00faltimo ano, ficou em 4\u00ba lugar no revezamento 4&#215;75 metros, pelo Campeonato Brasileiro Caixa sub-16; foi ouro nos 250 metros rasos no Campeonato Paranaense sub-16; e prata, nos 400 metros rasos, e bronze, 200 metros rasos, ambos nos Jogos Escolares do Paran\u00e1.<\/p>\n<p><em>(Fonte: Assessoria de Comunica\u00e7\u00e3o)<\/em><\/p>\n","protected":false},"excerpt":{"rendered":"<div class=\"mh-excerpt\"><p>Suzielly Rodrigues Arcangelo, de 15 anos, recebeu a convoca\u00e7\u00e3o nessa ter\u00e7a-feira (12). Ela ir\u00e1 disputar os 400 metros rasos e o salto em dist\u00e2ncia A competi\u00e7\u00e3o esportiva escolar mais importante do pa\u00eds contar\u00e1 com a <a class=\"mh-excerpt-more\" href=\"https:\/\/diadianoticias.com.br\/?p=31347\" title=\"Atleta cianortense representar\u00e1 o Paran\u00e1 no Campeonato Brasileiro Escolar\">[&#8230;]<\/a><\/p>\n<\/div>","protected":false},"author":4,"featured_media":31348,"comment_status":"open","ping_status":"open","sticky":false,"template":"","format":"standard","meta":{"footnotes":""},"categories":[32,11],"tags":[],"class_list":{"0":"post-31347","1":"post","2":"type-post","3":"status-publish","4":"format-standard","5":"has-post-thumbnail","7":"category-destaque","8":"category-diversas"},"_links":{"self":[{"href":"https:\/\/diadianoticias.com.br\/index.php?rest_route=\/wp\/v2\/posts\/31347","targetHints":{"allow":["GET"]}}],"collection":[{"href":"https:\/\/diadianoticias.com.br\/index.php?rest_route=\/wp\/v2\/posts"}],"about":[{"href":"https:\/\/diadianoticias.com.br\/index.php?rest_route=\/wp\/v2\/types\/post"}],"author":[{"embeddable":true,"href":"https:\/\/diadianoticias.com.br\/index.php?rest_route=\/wp\/v2\/users\/4"}],"replies":[{"embeddable":true,"href":"https:\/\/diadianoticias.com.br\/index.php?rest_route=%2Fwp%2Fv2%2Fcomments&post=31347"}],"version-history":[{"count":1,"href":"https:\/\/diadianoticias.com.br\/index.php?rest_route=\/wp\/v2\/posts\/31347\/revisions"}],"predecessor-version":[{"id":31349,"href":"https:\/\/diadianoticias.com.br\/index.php?rest_route=\/wp\/v2\/posts\/31347\/revisions\/31349"}],"wp:featuredmedia":[{"embeddable":true,"href":"https:\/\/diadianoticias.com.br\/index.php?rest_route=\/wp\/v2\/media\/31348"}],"wp:attachment":[{"href":"https:\/\/diadianoticias.com.br\/index.php?rest_route=%2Fwp%2Fv2%2Fmedia&parent=31347"}],"wp:term":[{"taxonomy":"category","embeddable":true,"href":"https:\/\/diadianoticias.com.br\/index.php?rest_route=%2Fwp%2Fv2%2Fcategories&post=31347"},{"taxonomy":"post_tag","embeddable":true,"href":"https:\/\/diadianoticias.com.br\/index.php?rest_route=%2Fwp%2Fv2%2Ftags&post=31347"}],"curies":[{"name":"wp","href":"https:\/\/api.w.org\/{rel}","templated":true}]}}