{"id":31342,"date":"2019-03-14T10:33:39","date_gmt":"2019-03-14T10:33:39","guid":{"rendered":"http:\/\/diadianoticias.com.br\/?p=31342"},"modified":"2019-03-14T10:33:52","modified_gmt":"2019-03-14T10:33:52","slug":"prefeitura-contrata-novos-agentes-para-combater-avanco-da-dengue-em-cianorte","status":"publish","type":"post","link":"https:\/\/diadianoticias.com.br\/?p=31342","title":{"rendered":"Prefeitura contrata novos agentes para combater avan\u00e7o da Dengue em Cianorte"},"content":{"rendered":"<p><em>Em 2019, a Secretaria Municipal de Sa\u00fade j\u00e1 confirmou 10 casos da doen\u00e7a.<\/em><\/p>\n<p><a href=\"http:\/\/diadianoticias.com.br\/wp-content\/uploads\/2019\/03\/IMG_3049-copy-1.jpg\"><img loading=\"lazy\" decoding=\"async\" class=\"alignleft size-medium wp-image-31344\" src=\"http:\/\/diadianoticias.com.br\/wp-content\/uploads\/2019\/03\/IMG_3049-copy-1-300x200.jpg\" alt=\"\" width=\"300\" height=\"200\" srcset=\"https:\/\/diadianoticias.com.br\/wp-content\/uploads\/2019\/03\/IMG_3049-copy-1-300x200.jpg 300w, https:\/\/diadianoticias.com.br\/wp-content\/uploads\/2019\/03\/IMG_3049-copy-1-768x512.jpg 768w, https:\/\/diadianoticias.com.br\/wp-content\/uploads\/2019\/03\/IMG_3049-copy-1.jpg 800w\" sizes=\"auto, (max-width: 300px) 100vw, 300px\" \/><\/a>Preocupado com o avan\u00e7o da dengue em Cianorte, o prefeito Bongiorno autorizou nessa semana, a contrata\u00e7\u00e3o de mais seis agentes de combate a endemias, que v\u00e3o auxiliar no combate \u00e0 prolifera\u00e7\u00e3o do mosquito <em>Aedes aegypti<\/em> no munic\u00edpio. A Secretaria Municipal de Sa\u00fade confirmou nessa ter\u00e7a-feira (13), o aumento para 10, todos aut\u00f3ctones, do n\u00famero de casos positivos da doen\u00e7a. A quantidade \u00e9 vista com muita preocupa\u00e7\u00e3o pelo Executivo, o que resultou na determina\u00e7\u00e3o da contrata\u00e7\u00e3o dos novos servidores.<\/p>\n<p>Segundo os dados apresentados pela Secretaria, o local com maior \u00edndice de criadouros do mosquito \u00e9 a Zona 03, por\u00e9m, em todos os bairros, foram localizadas larvas do <em>Aedes aegypti. <\/em>\u201cNas localidades em que encontramos os focos, n\u00f3s fazemos o bloqueio-controle. Os moradores est\u00e3o sendo notificados, mas se n\u00e3o houver conscientiza\u00e7\u00e3o por parte da popula\u00e7\u00e3o, nosso trabalho ser\u00e1 em v\u00e3o\u201d, comentou a supervisora do Programa de Combate \u00e0 Dengue, Vera L\u00facia Fusisawa.<\/p>\n<p>&#8220;Esta \u00e9 uma luta que todos n\u00f3s temos um papel essencial. Os moradores precisam permitir a entrada do agente e acompanh\u00e1-lo na vistoria dentro e fora da casa, para a identifica\u00e7\u00e3o de poss\u00edveis focos e orienta\u00e7\u00f5es necess\u00e1rias para evitar a prolifera\u00e7\u00e3o do mosquito transmissor&#8221;, explicou a chefe da Divis\u00e3o de Preven\u00e7\u00e3o em Sa\u00fade Heloisa Dantas. \u201cO cen\u00e1rio \u00e9 muito preocupante, pois, a Dengue pode levar a complica\u00e7\u00f5es e at\u00e9 \u00e0 \u00f3bito. \u00a0\u00c9 preciso ficar atento, a elimina\u00e7\u00e3o dos criadouros ainda \u00e9 a principal medida preventiva a ser tomada\u201d, concluiu.<\/p>\n<p>A orienta\u00e7\u00e3o da Secretaria Municipal de Sa\u00fade \u00e9 para que, nos primeiros sintomas da doen\u00e7a, a pessoa se dirija \u00e0s Unidades B\u00e1sicas de Sa\u00fade (UBSs) ou \u00e0 Unidade de Pronto Atendimento (UPA), para que o diagn\u00f3stico inicial e a notifica\u00e7\u00e3o sejam feitos. Os hospitais ficam na retaguarda, recebendo os casos que exigem maior aten\u00e7\u00e3o e interna\u00e7\u00e3o cl\u00ednica. Os principais sintomas da dengue s\u00e3o febre alta, dores articulares, musculares e de cabe\u00e7a, manchas avermelhadas na pele e indisposi\u00e7\u00e3o.<\/p>\n<p><em>(Fonte: Assessoria de Comunica\u00e7\u00e3o)<\/em><\/p>\n","protected":false},"excerpt":{"rendered":"<div class=\"mh-excerpt\"><p>Em 2019, a Secretaria Municipal de Sa\u00fade j\u00e1 confirmou 10 casos da doen\u00e7a. Preocupado com o avan\u00e7o da dengue em Cianorte, o prefeito Bongiorno autorizou nessa semana, a contrata\u00e7\u00e3o de mais seis agentes de combate <a class=\"mh-excerpt-more\" href=\"https:\/\/diadianoticias.com.br\/?p=31342\" title=\"Prefeitura contrata novos agentes para combater avan\u00e7o da Dengue em Cianorte\">[&#8230;]<\/a><\/p>\n<\/div>","protected":false},"author":4,"featured_media":31344,"comment_status":"open","ping_status":"open","sticky":false,"template":"","format":"standard","meta":{"footnotes":""},"categories":[12,32],"tags":[],"class_list":{"0":"post-31342","1":"post","2":"type-post","3":"status-publish","4":"format-standard","5":"has-post-thumbnail","7":"category-cidade","8":"category-destaque"},"_links":{"self":[{"href":"https:\/\/diadianoticias.com.br\/index.php?rest_route=\/wp\/v2\/posts\/31342","targetHints":{"allow":["GET"]}}],"collection":[{"href":"https:\/\/diadianoticias.com.br\/index.php?rest_route=\/wp\/v2\/posts"}],"about":[{"href":"https:\/\/diadianoticias.com.br\/index.php?rest_route=\/wp\/v2\/types\/post"}],"author":[{"embeddable":true,"href":"https:\/\/diadianoticias.com.br\/index.php?rest_route=\/wp\/v2\/users\/4"}],"replies":[{"embeddable":true,"href":"https:\/\/diadianoticias.com.br\/index.php?rest_route=%2Fwp%2Fv2%2Fcomments&post=31342"}],"version-history":[{"count":2,"href":"https:\/\/diadianoticias.com.br\/index.php?rest_route=\/wp\/v2\/posts\/31342\/revisions"}],"predecessor-version":[{"id":31346,"href":"https:\/\/diadianoticias.com.br\/index.php?rest_route=\/wp\/v2\/posts\/31342\/revisions\/31346"}],"wp:featuredmedia":[{"embeddable":true,"href":"https:\/\/diadianoticias.com.br\/index.php?rest_route=\/wp\/v2\/media\/31344"}],"wp:attachment":[{"href":"https:\/\/diadianoticias.com.br\/index.php?rest_route=%2Fwp%2Fv2%2Fmedia&parent=31342"}],"wp:term":[{"taxonomy":"category","embeddable":true,"href":"https:\/\/diadianoticias.com.br\/index.php?rest_route=%2Fwp%2Fv2%2Fcategories&post=31342"},{"taxonomy":"post_tag","embeddable":true,"href":"https:\/\/diadianoticias.com.br\/index.php?rest_route=%2Fwp%2Fv2%2Ftags&post=31342"}],"curies":[{"name":"wp","href":"https:\/\/api.w.org\/{rel}","templated":true}]}}