{"id":31336,"date":"2019-03-13T13:16:08","date_gmt":"2019-03-13T13:16:08","guid":{"rendered":"http:\/\/diadianoticias.com.br\/?p=31336"},"modified":"2019-03-13T13:16:08","modified_gmt":"2019-03-13T13:16:08","slug":"mae-e-filho-morrem-de-infarto-no-mesmo-dia-no-parana","status":"publish","type":"post","link":"https:\/\/diadianoticias.com.br\/?p=31336","title":{"rendered":"M\u00e3e e filho morrem de infarto no mesmo dia no Paran\u00e1"},"content":{"rendered":"<div class=\"noticia-texto col-md-8 offset-md-2 text-justify\"><a href=\"http:\/\/diadianoticias.com.br\/wp-content\/uploads\/2019\/03\/img-1.jpg\"><img loading=\"lazy\" decoding=\"async\" class=\"alignleft size-medium wp-image-31337\" src=\"http:\/\/diadianoticias.com.br\/wp-content\/uploads\/2019\/03\/img-1-300x169.jpg\" alt=\"\" width=\"300\" height=\"169\" srcset=\"https:\/\/diadianoticias.com.br\/wp-content\/uploads\/2019\/03\/img-1-300x169.jpg 300w, https:\/\/diadianoticias.com.br\/wp-content\/uploads\/2019\/03\/img-1.jpg 620w\" sizes=\"auto, (max-width: 300px) 100vw, 300px\" \/><\/a>Est\u00e3o sendo velados na manh\u00e3 desta quarta-feira (13) os corpos de Rafael Rodrigo Kraemer, 36 anos e a m\u00e3e dele Vanesia Reck Kraemer, 57 anos. O vel\u00f3rio acontece no Centro Pastoral da Igreja Cat\u00f3lica em Marip\u00e1, regi\u00e3o oeste do Paran\u00e1.<\/p>\n<p>De acordo com as informa\u00e7\u00f5es, Rafael sofreu um enfarte fulminante pela manh\u00e3 em Marechal C\u00e2ndido do Rondon (34 km de Marip\u00e1), onde morava com a esposa. Ele estava em casa e passou mal ap\u00f3s o caf\u00e9 da manh\u00e3, a companheira acionou o SAMU, mas socorristas n\u00e3o tiveram tempo de salv\u00e1-lo.<\/p>\n<p>Na noite de ontem (12) durante o vel\u00f3rio do filho em Marip\u00e1, a m\u00e3e de Rafael se sentiu mal. Ela foi levada ao Pronto Atendimento (PA) de Marip\u00e1. A equipe prestou socorro, mas ela tamb\u00e9m enfartou e morreu ap\u00f3s tentativas de reanima\u00e7\u00e3o.<\/p>\n<p>Vanesia era comerciante em Marip\u00e1. A morte de m\u00e3e e filho abalou a pequena cidade com 5,8 mil habitantes.<\/p>\n<p>O enterro \u00e9 \u00e0s 11 horas de hoje no cemit\u00e9rio municipal.<\/p><\/div>\n<div>\n<em>(Fonte:\u00a0Catve.com)<\/em><\/div>\n","protected":false},"excerpt":{"rendered":"<div class=\"mh-excerpt\"><p>Est\u00e3o sendo velados na manh\u00e3 desta quarta-feira (13) os corpos de Rafael Rodrigo Kraemer, 36 anos e a m\u00e3e dele Vanesia Reck Kraemer, 57 anos. O vel\u00f3rio acontece no Centro Pastoral da Igreja Cat\u00f3lica em <a class=\"mh-excerpt-more\" href=\"https:\/\/diadianoticias.com.br\/?p=31336\" title=\"M\u00e3e e filho morrem de infarto no mesmo dia no Paran\u00e1\">[&#8230;]<\/a><\/p>\n<\/div>","protected":false},"author":4,"featured_media":31337,"comment_status":"open","ping_status":"open","sticky":false,"template":"","format":"standard","meta":{"footnotes":""},"categories":[14],"tags":[],"class_list":{"0":"post-31336","1":"post","2":"type-post","3":"status-publish","4":"format-standard","5":"has-post-thumbnail","7":"category-paran"},"_links":{"self":[{"href":"https:\/\/diadianoticias.com.br\/index.php?rest_route=\/wp\/v2\/posts\/31336","targetHints":{"allow":["GET"]}}],"collection":[{"href":"https:\/\/diadianoticias.com.br\/index.php?rest_route=\/wp\/v2\/posts"}],"about":[{"href":"https:\/\/diadianoticias.com.br\/index.php?rest_route=\/wp\/v2\/types\/post"}],"author":[{"embeddable":true,"href":"https:\/\/diadianoticias.com.br\/index.php?rest_route=\/wp\/v2\/users\/4"}],"replies":[{"embeddable":true,"href":"https:\/\/diadianoticias.com.br\/index.php?rest_route=%2Fwp%2Fv2%2Fcomments&post=31336"}],"version-history":[{"count":1,"href":"https:\/\/diadianoticias.com.br\/index.php?rest_route=\/wp\/v2\/posts\/31336\/revisions"}],"predecessor-version":[{"id":31338,"href":"https:\/\/diadianoticias.com.br\/index.php?rest_route=\/wp\/v2\/posts\/31336\/revisions\/31338"}],"wp:featuredmedia":[{"embeddable":true,"href":"https:\/\/diadianoticias.com.br\/index.php?rest_route=\/wp\/v2\/media\/31337"}],"wp:attachment":[{"href":"https:\/\/diadianoticias.com.br\/index.php?rest_route=%2Fwp%2Fv2%2Fmedia&parent=31336"}],"wp:term":[{"taxonomy":"category","embeddable":true,"href":"https:\/\/diadianoticias.com.br\/index.php?rest_route=%2Fwp%2Fv2%2Fcategories&post=31336"},{"taxonomy":"post_tag","embeddable":true,"href":"https:\/\/diadianoticias.com.br\/index.php?rest_route=%2Fwp%2Fv2%2Ftags&post=31336"}],"curies":[{"name":"wp","href":"https:\/\/api.w.org\/{rel}","templated":true}]}}